{"id":18532,"date":"2025-12-18T11:00:00","date_gmt":"2025-12-18T10:00:00","guid":{"rendered":"https:\/\/giconmes.es\/casos-exito\/desinfeccion-termica-de-cajas-reutilizables-mediante-vapor-en-cultivo-de-berries\/"},"modified":"2026-01-07T22:25:53","modified_gmt":"2026-01-07T21:25:53","slug":"desinfeccion-termica-de-cajas-reutilizables-mediante-vapor-en-cultivo-de-berries","status":"publish","type":"stories","link":"https:\/\/giconmes.es\/fr\/histoires-reussite\/desinfeccion-termica-de-cajas-reutilizables-mediante-vapor-en-cultivo-de-berries\/","title":{"rendered":"Desinfecci\u00f3n t\u00e9rmica de cajas reutilizables mediante vapor en cultivo de berries"},"content":{"rendered":"\n<div class=\"wp-block-cover alignfull is-light is-style-hero-cover\" style=\"min-height:784px;aspect-ratio:unset;\"><span aria-hidden=\"true\" class=\"wp-block-cover__background has-body-white-background-color has-background-dim-80 has-background-dim\"><\/span><img loading=\"lazy\" decoding=\"async\" width=\"1625\" height=\"829\" class=\"wp-block-cover__image-background wp-image-18306\" alt=\"Desinfecci\u00f3n t\u00e9rmica de cajas reutilizables mediante vapor en cultivo de berries\" src=\"https:\/\/giconmes.es\/wp-content\/uploads\/2025\/12\/desinfeccion-termica-cajas-reutilizables-vapor-cultivo-berries-04.webp\" data-object-fit=\"cover\" title=\"Generadores de vapor industrial Giconmes\" srcset=\"https:\/\/giconmes.es\/wp-content\/uploads\/2025\/12\/desinfeccion-termica-cajas-reutilizables-vapor-cultivo-berries-04.webp 1625w, https:\/\/giconmes.es\/wp-content\/uploads\/2025\/12\/desinfeccion-termica-cajas-reutilizables-vapor-cultivo-berries-04-300x153.webp 300w, https:\/\/giconmes.es\/wp-content\/uploads\/2025\/12\/desinfeccion-termica-cajas-reutilizables-vapor-cultivo-berries-04-1024x522.webp 1024w, https:\/\/giconmes.es\/wp-content\/uploads\/2025\/12\/desinfeccion-termica-cajas-reutilizables-vapor-cultivo-berries-04-768x392.webp 768w, https:\/\/giconmes.es\/wp-content\/uploads\/2025\/12\/desinfeccion-termica-cajas-reutilizables-vapor-cultivo-berries-04-1536x784.webp 1536w\" sizes=\"auto, (max-width: 1625px) 100vw, 1625px\" \/><div class=\"wp-block-cover__inner-container is-layout-flow wp-block-cover-is-layout-flow\">\n<div style=\"height:144px\" aria-hidden=\"true\" class=\"wp-block-spacer dnone-mobile\"><\/div>\n\n\n\n<div class=\"wp-block-columns is-layout-flex wp-container-core-columns-is-layout-1 wp-block-columns-is-layout-flex\">\n<div class=\"wp-block-column is-layout-flow wp-block-column-is-layout-flow\">\n<p class=\"text-h6 has-body-medium-color has-text-color\">exemples de r\u00e9ussite<\/p>\n<\/div>\n<\/div>\n\n\n\n<div class=\"wp-block-columns is-layout-flex wp-container-core-columns-is-layout-2 wp-block-columns-is-layout-flex\">\n<div class=\"wp-block-column border--right_start is-layout-flow wp-block-column-is-layout-flow\" style=\"flex-basis:50%\"><h1 class=\"wp-block-post-title\">Desinfecci\u00f3n t\u00e9rmica de cajas reutilizables mediante vapor en cultivo de berries<\/h1><\/div>\n\n\n\n<div class=\"wp-block-column dnone-tablet is-layout-flow wp-block-column-is-layout-flow\" style=\"flex-basis:8.3%\"><\/div>\n\n\n\n<div class=\"wp-block-column is-layout-flow wp-block-column-is-layout-flow\">\n<p class=\"text-h5 has-medium-font-size\"><strong>Description du projet<\/strong><\/p>\n\n\n\n<p class=\"has-medium-font-size\">Solution \u00e0 base de vapeur pour une d\u00e9sinfection thermique s\u00fbre des caisses r\u00e9utilisables dans une usine de production de baies.<\/p>\n\n\n\n<div style=\"height:32px\" aria-hidden=\"true\" class=\"wp-block-spacer\"><\/div>\n\n\n\n<p><a href=\"https:\/\/giconmes.es\/fr\/contact\/\"><strong>POUVONS-NOUS VOUS AIDER ?<\/strong><\/a><\/p>\n<\/div>\n<\/div>\n\n\n\n<div class=\"wp-block-columns is-layout-flex wp-container-core-columns-is-layout-3 wp-block-columns-is-layout-flex\">\n<div class=\"wp-block-column is-layout-flow wp-block-column-is-layout-flow\">\n<figure class=\"wp-block-image size-full\"><a href=\"#breadcrumbs\"><img decoding=\"async\" src=\"https:\/\/giconmes.es\/wp-content\/uploads\/2023\/07\/arrow-down.svg\" alt=\"Parchemin\" class=\"wp-image-221\" title=\"Generadores de vapor industrial Giconmes\"><\/a><\/figure>\n<\/div>\n<\/div>\n<\/div><\/div>\n<div id=\"breadcrumbs\" class=\"alignfull\"><nav aria-label=\"breadcrumbs\" class=\"rank-math-breadcrumb\"><p><span class=\"label\">VAPOR PARA LA INDUSTRIA \u00bb<\/span> <span class=\"last\">Giconmes<\/span><\/p><\/nav><\/div>\n<div class=\"wp-block-group alignfull has-bg-20-background-color has-background\"><div class=\"wp-block-group__inner-container is-layout-constrained wp-block-group-is-layout-constrained\">\n<div style=\"height:64px\" aria-hidden=\"true\" class=\"wp-block-spacer\"><\/div>\n\n\n\n<div class=\"wp-block-columns mb-0 is-layout-flex wp-container-core-columns-is-layout-4 wp-block-columns-is-layout-flex\">\n<div class=\"wp-block-column is-layout-flow wp-block-column-is-layout-flow\" style=\"flex-basis:41.666%\">\n<p class=\"text-h6\">Situation initiale<\/p>\n\n\n\n<h2 class=\"wp-block-heading text-h4\">Quels sont les d\u00e9fis que le client nous a pr\u00e9sent\u00e9s ?<\/h2>\n\n\n\n<div style=\"height:32px\" aria-hidden=\"true\" class=\"wp-block-spacer\"><\/div>\n\n\n\n<div class=\"wp-block-buttons is-layout-flex wp-block-buttons-is-layout-flex\">\n<div class=\"wp-block-button is-style-outline is-style-outline--1\"><a class=\"wp-block-button__link has-secondary-80-color has-text-color wp-element-button\" href=\"javascript:if(window.print)window.print()\" rel=\" nofollow\">T\u00e9l\u00e9charger l&rsquo;\u00e9tude<\/a><\/div>\n<\/div>\n<\/div>\n\n\n\n<div class=\"wp-block-column is-layout-flow wp-block-column-is-layout-flow\" style=\"flex-basis:58.3%\">\n<p>Une entreprise sp\u00e9cialis\u00e9e dans la <strong>culture de plantes destin\u00e9es \u00e0 la production de baies<\/strong> devait garantir un <strong>processus de d\u00e9sinfection thermique s\u00fbr, efficace et reproductible<\/strong> pour les caisses en plastique (polypropyl\u00e8ne) r\u00e9utilisables utilis\u00e9es pendant la culture.<\/p>\n\n\n\n<p>La r\u00e9utilisation intensive de ces conteneurs, la <strong>forte densit\u00e9 de culture et la consommation brute du produit final<\/strong> ont fait de la d\u00e9sinfection des bo\u00eetes et des plateaux un <strong>point critique du processus de production<\/strong>, tant d&rsquo;un point de vue sanitaire qu&rsquo;op\u00e9rationnel.<\/p>\n\n\n\n<p>Le client avait besoin d&rsquo;une <strong>solution \u00e0 base de vapeur<\/strong> capable de chauffer un <strong>espace clos d&rsquo;environ 75 m\u00b3 de<\/strong> la temp\u00e9rature ambiante \u00e0 <strong>80-90\u00b0C dans un d\u00e9lai maximum de 2 \u00e0 3 heures<\/strong>, afin d&rsquo;introduire les bo\u00eetes et de les soumettre \u00e0 un traitement thermique avant leur r\u00e9utilisation.<\/p>\n\n\n\n<p>La d\u00e9sinfection des bo\u00eetes r\u00e9utilisables dans la culture de plantes pour b\u00e9b\u00e9s pr\u00e9sente des <strong>risques sp\u00e9cifiques<\/strong> li\u00e9s \u00e0 l&rsquo;accumulation de micro-organismes sur les surfaces en plastique, o\u00f9 les traitements chimiques conventionnels sont limit\u00e9s ou inefficaces.<\/p>\n\n\n\n<p>L&rsquo;objectif du client \u00e9tait de parvenir \u00e0 une <strong>\u00ab\u00a0r\u00e9initialisation biologique\u00a0\u00bb compl\u00e8te<\/strong> des conteneurs avant chaque cycle de production, en <strong>\u00e9liminant les agents pathog\u00e8nes sans utiliser de produits chimiques<\/strong> et en int\u00e9grant le processus de mani\u00e8re naturelle dans les op\u00e9rations quotidiennes.<\/p>\n\n\n\n<p>Le syst\u00e8me de d\u00e9sinfection doit permettre d&rsquo;\u00e9liminer efficacement les principaux agents pathog\u00e8nes associ\u00e9s aux pertes pr\u00e9coces de r\u00e9coltes, en particulier ceux li\u00e9s au ph\u00e9nom\u00e8ne de <strong>fonte des semis (chute des semis)<\/strong>:<\/p>\n\n\n\n<ul class=\"wp-block-list\">\n<li><strong>Champignons et agents pathog\u00e8nes du sol<\/strong> tels que <em>Fusarium<\/em>, <em>Pythium<\/em>, <em>Phytophthora<\/em> et <em>Rhizoctonia<\/em>, responsables de l&rsquo;infection des racines et de la perte pr\u00e9coce des r\u00e9coltes.<\/li>\n\n\n\n<li><strong>Moisissures de surface et micro-organismes opportunistes<\/strong> qui compromettent la qualit\u00e9 des produits et la s\u00e9curit\u00e9 alimentaire.<\/li>\n\n\n\n<li>Risques li\u00e9s \u00e0 une <strong>d\u00e9sinfection irr\u00e9guli\u00e8re<\/strong> dans les enceintes fortement charg\u00e9es en palettes et en caisses.<\/li>\n<\/ul>\n<\/div>\n<\/div>\n\n\n\n<div style=\"height:64px\" aria-hidden=\"true\" class=\"wp-block-spacer\"><\/div>\n\n\n\n<div class=\"wp-block-columns alignwide are-vertically-aligned-center mb-0 has-body-main-color has-primary-20-background-color has-text-color has-background is-layout-flex wp-container-core-columns-is-layout-5 wp-block-columns-is-layout-flex\">\n<div class=\"wp-block-column is-vertically-aligned-center dnone-tablet is-layout-flow wp-block-column-is-layout-flow\" style=\"flex-basis:4.3%\"><\/div>\n\n\n\n<div class=\"wp-block-column is-vertically-aligned-center is-layout-flow wp-block-column-is-layout-flow\">\n<div style=\"height:72px\" aria-hidden=\"true\" class=\"wp-block-spacer dnone-tablet\"><\/div>\n\n\n\n<p class=\"text-h6 has-secondary-color has-text-color\">Solution fournie<\/p>\n\n\n\n<h2 class=\"wp-block-heading text-h4\">Solution vapeur d\u00e9velopp\u00e9e ad hoc par Giconmes<\/h2>\n<\/div>\n\n\n\n<div class=\"wp-block-column is-vertically-aligned-center dnone-tablet is-layout-flow wp-block-column-is-layout-flow\" style=\"flex-basis:8.3%\"><\/div>\n<\/div>\n\n\n\n<div class=\"wp-block-group alignwide\"><div class=\"wp-block-group__inner-container is-layout-constrained wp-block-group-is-layout-constrained\">\n<div class=\"wp-block-columns alignwide has-body-main-color has-primary-20-background-color has-text-color has-background is-layout-flex wp-container-core-columns-is-layout-8 wp-block-columns-is-layout-flex\">\n<div class=\"wp-block-column is-vertically-aligned-top dnone-tablet is-layout-flow wp-block-column-is-layout-flow\" style=\"flex-basis:4.3%\"><\/div>\n\n\n\n<div class=\"wp-block-column is-vertically-aligned-top is-layout-flow wp-block-column-is-layout-flow\">\n<p class=\"has-medium-font-size\"><strong>Solution propos\u00e9e<\/strong><\/p>\n\n\n\n<p>Pour r\u00e9pondre aux exigences thermiques et sanitaires du projet, <strong>Giconmes a con\u00e7u et install\u00e9 une solution de d\u00e9sinfection \u00e0 la vapeur enti\u00e8rement \u00e9lectrique<\/strong>, dimensionn\u00e9e pour assurer un chauffage homog\u00e8ne de la cabine et un contr\u00f4le pr\u00e9cis du processus.<\/p>\n\n\n\n<p>L&rsquo;installation \u00e9tait bas\u00e9e sur :<\/p>\n\n\n\n<ul class=\"wp-block-list\">\n<li><strong><a href=\"https:\/\/giconmes.es\/fr\/generateurs-de-vapeur\/\">G\u00e9n\u00e9rateur de vapeur \u00e9lectrique<\/a><\/strong> de <strong>60 kW<\/strong>, avec une capacit\u00e9 de production de <strong>80 kg\/h de vapeur<\/strong>, suffisante pour augmenter la temp\u00e9rature de la pi\u00e8ce de 75 m\u00b3 de la temp\u00e9rature ambiante \u00e0 80-90 \u00b0C dans les d\u00e9lais requis.<\/li>\n\n\n\n<li><strong>Quatre injecteurs de vapeur<\/strong> r\u00e9partis strat\u00e9giquement dans la cabine, garantissant un apport d&rsquo;\u00e9nergie uniforme m\u00eame \u00e0 pleine charge, avec jusqu&rsquo;\u00e0 <strong>16 palettes de bo\u00eetes trait\u00e9es simultan\u00e9ment<\/strong>.<\/li>\n\n\n\n<li><strong>Sonde de temp\u00e9rature install\u00e9e au milieu de l&rsquo;enceinte<\/strong>, permettant de contr\u00f4ler la temp\u00e9rature r\u00e9elle du volume trait\u00e9 et garantissant la <strong>r\u00e9p\u00e9tabilit\u00e9 et la tra\u00e7abilit\u00e9 du cycle thermique<\/strong>.<\/li>\n\n\n\n<li><strong>Ventilateur de plafond de type d\u00e9stratificateur<\/strong>, charg\u00e9 de faire recirculer la vapeur et l&rsquo;air chaud, d&rsquo;\u00e9viter les stratifications thermiques dues \u00e0 une forte occupation de l&rsquo;espace et d&rsquo;assurer une d\u00e9sinfection homog\u00e8ne de tous les boxes.<\/li>\n<\/ul>\n\n\n\n<p>Gr\u00e2ce \u00e0 cette configuration, le syst\u00e8me garantit un <strong>traitement thermique uniforme, contr\u00f4l\u00e9 et validable<\/strong>, sans utilisation de produits chimiques et en parfaite ad\u00e9quation avec les exigences du client en mati\u00e8re de <strong>s\u00e9curit\u00e9 alimentaire et d&rsquo;efficacit\u00e9 op\u00e9rationnelle<\/strong>.<\/p>\n\n\n\n<div style=\"height:32px\" aria-hidden=\"true\" class=\"wp-block-spacer\"><\/div>\n\n\n\n<p class=\"has-medium-font-size\"><strong>Technologie utilis\u00e9e<\/strong><\/p>\n\n\n\n<ul class=\"wp-block-list is-style-arrow-list\">\n<li><strong>G\u00e9n\u00e9rateur de vapeur \u00e9lectrique Giconmes de 60 kW<\/strong>, en acier inoxydable <strong>AISI 304\/316<\/strong>, dimensionn\u00e9 pour des applications sanitaires et enti\u00e8rement int\u00e9gr\u00e9 dans le syst\u00e8me de d\u00e9sinfection thermique de l&rsquo;habitacle.<\/li>\n\n\n\n<li><strong>Syst\u00e8me d&rsquo;injection de vapeur \u00e0 l&rsquo;aide de quatre injecteurs r\u00e9partis strat\u00e9giquement<\/strong>, con\u00e7u pour garantir un <strong>apport d&rsquo;\u00e9nergie homog\u00e8ne<\/strong> m\u00eame \u00e0 pleine charge, avec le traitement simultan\u00e9 de 16 palettes de bo\u00eetes.<\/li>\n\n\n\n<li><strong>Sonde de temp\u00e9rature install\u00e9e au milieu de l&rsquo;habitacle<\/strong>, qui permet de contr\u00f4ler la <strong>temp\u00e9rature r\u00e9elle du volume trait\u00e9<\/strong>, garantissant la r\u00e9p\u00e9tabilit\u00e9 du cycle thermique et la validation du processus.<\/li>\n\n\n\n<li><strong>Ventilateur de plafond de type d\u00e9stratificateur<\/strong>, charg\u00e9 de faire recirculer la vapeur et l&rsquo;air chaud afin d&rsquo;<strong>\u00e9viter la stratification thermique<\/strong>, ce qui est particuli\u00e8rement important dans les enceintes o\u00f9 le nombre de palettes est \u00e9lev\u00e9.<\/li>\n\n\n\n<li><strong>Contr\u00f4le thermique pr\u00e9cis du processus<\/strong>, permettant d&rsquo;augmenter la temp\u00e9rature de l&rsquo;enceinte d&rsquo;environ <strong>75 m\u00b3 de la temp\u00e9rature ambiante \u00e0 80-90 \u00b0C dans un d\u00e9lai maximum de 2 \u00e0 3 heures<\/strong>, conform\u00e9ment aux exigences sanitaires du client.<\/li>\n\n\n\n<li><strong>Syst\u00e8me de d\u00e9sinfection sans produits chimiques<\/strong>, bas\u00e9 exclusivement sur un traitement thermique \u00e0 la vapeur, conforme aux exigences en mati\u00e8re de <strong>s\u00e9curit\u00e9 alimentaire, de durabilit\u00e9 et d&rsquo;op\u00e9rations<\/strong> culturales <strong>quotidiennes.<\/strong> <\/li>\n<\/ul>\n<\/div>\n\n\n\n<div class=\"wp-block-column is-vertically-aligned-stretch dnone-tablet is-layout-flow wp-block-column-is-layout-flow\" style=\"flex-basis:4.3%\"><\/div>\n\n\n\n<div class=\"wp-block-column is-vertically-aligned-center is-layout-flow wp-block-column-is-layout-flow\">\n<div class=\"wp-block-columns alignfull is-layout-flex wp-container-core-columns-is-layout-7 wp-block-columns-is-layout-flex\">\n<div class=\"wp-block-column is-vertically-aligned-top is-layout-flow wp-block-column-is-layout-flow\" style=\"flex-basis:100%\">\n<div class=\"wp-block-group\"><div class=\"wp-block-group__inner-container is-layout-constrained wp-block-group-is-layout-constrained\">\n<div class=\"wp-block-columns is-layout-flex wp-container-core-columns-is-layout-6 wp-block-columns-is-layout-flex\">\n<div class=\"wp-block-column is-layout-flow wp-block-column-is-layout-flow\" style=\"flex-basis:100%\">\n<figure class=\"wp-block-gallery has-nested-images columns-1 wp-block-gallery-2 is-layout-flex wp-block-gallery-is-layout-flex\">\n<figure class=\"wp-block-image size-full\"><a href=\"https:\/\/giconmes.es\/wp-content\/uploads\/2025\/12\/desinfeccion-termica-cajas-reutilizables-vapor-cultivo-berries.webp\" data-lbwps-width=\"1536\" data-lbwps-height=\"1024\" data-lbwps-srcsmall=\"https:\/\/giconmes.es\/wp-content\/uploads\/2025\/12\/desinfeccion-termica-cajas-reutilizables-vapor-cultivo-berries-300x200.webp\"><img loading=\"lazy\" decoding=\"async\" width=\"1536\" height=\"1024\" src=\"https:\/\/giconmes.es\/wp-content\/uploads\/2025\/12\/desinfeccion-termica-cajas-reutilizables-vapor-cultivo-berries.webp\" alt=\"D&#xE9;sinfection thermique des caisses r&#xE9;utilisables &#xE0; la vapeur dans la culture des baies\" class=\"wp-image-18289\" title=\"Generadores de vapor industrial Giconmes\" srcset=\"https:\/\/giconmes.es\/wp-content\/uploads\/2025\/12\/desinfeccion-termica-cajas-reutilizables-vapor-cultivo-berries.webp 1536w, https:\/\/giconmes.es\/wp-content\/uploads\/2025\/12\/desinfeccion-termica-cajas-reutilizables-vapor-cultivo-berries-300x200.webp 300w, https:\/\/giconmes.es\/wp-content\/uploads\/2025\/12\/desinfeccion-termica-cajas-reutilizables-vapor-cultivo-berries-1024x683.webp 1024w, https:\/\/giconmes.es\/wp-content\/uploads\/2025\/12\/desinfeccion-termica-cajas-reutilizables-vapor-cultivo-berries-768x512.webp 768w\" sizes=\"auto, (max-width: 1536px) 100vw, 1536px\" \/><\/a><\/figure>\n\n\n\n<figure class=\"wp-block-image size-full\"><img loading=\"lazy\" decoding=\"async\" width=\"1536\" height=\"1024\" src=\"https:\/\/giconmes.es\/wp-content\/uploads\/2025\/12\/desinfeccion-termica-cajas-reutilizables-vapor-cultivo-berries-02.webp\" alt=\"D&#xE9;sinfection thermique des caisses r&#xE9;utilisables &#xE0; la vapeur dans la culture des baies\" class=\"wp-image-18297\" title=\"Generadores de vapor industrial Giconmes\" srcset=\"https:\/\/giconmes.es\/wp-content\/uploads\/2025\/12\/desinfeccion-termica-cajas-reutilizables-vapor-cultivo-berries-02.webp 1536w, https:\/\/giconmes.es\/wp-content\/uploads\/2025\/12\/desinfeccion-termica-cajas-reutilizables-vapor-cultivo-berries-02-300x200.webp 300w, https:\/\/giconmes.es\/wp-content\/uploads\/2025\/12\/desinfeccion-termica-cajas-reutilizables-vapor-cultivo-berries-02-1024x683.webp 1024w, https:\/\/giconmes.es\/wp-content\/uploads\/2025\/12\/desinfeccion-termica-cajas-reutilizables-vapor-cultivo-berries-02-768x512.webp 768w\" sizes=\"auto, (max-width: 1536px) 100vw, 1536px\" \/><\/figure>\n\n\n\n<figure class=\"wp-block-image size-full\"><img loading=\"lazy\" decoding=\"async\" width=\"1625\" height=\"829\" src=\"https:\/\/giconmes.es\/wp-content\/uploads\/2025\/12\/desinfeccion-termica-cajas-reutilizables-vapor-cultivo-berries-04.webp\" alt=\"D&#xE9;sinfection thermique des caisses r&#xE9;utilisables &#xE0; la vapeur dans la culture des baies\" class=\"wp-image-18306\" title=\"Generadores de vapor industrial Giconmes\" srcset=\"https:\/\/giconmes.es\/wp-content\/uploads\/2025\/12\/desinfeccion-termica-cajas-reutilizables-vapor-cultivo-berries-04.webp 1625w, https:\/\/giconmes.es\/wp-content\/uploads\/2025\/12\/desinfeccion-termica-cajas-reutilizables-vapor-cultivo-berries-04-300x153.webp 300w, https:\/\/giconmes.es\/wp-content\/uploads\/2025\/12\/desinfeccion-termica-cajas-reutilizables-vapor-cultivo-berries-04-1024x522.webp 1024w, https:\/\/giconmes.es\/wp-content\/uploads\/2025\/12\/desinfeccion-termica-cajas-reutilizables-vapor-cultivo-berries-04-768x392.webp 768w, https:\/\/giconmes.es\/wp-content\/uploads\/2025\/12\/desinfeccion-termica-cajas-reutilizables-vapor-cultivo-berries-04-1536x784.webp 1536w\" sizes=\"auto, (max-width: 1625px) 100vw, 1625px\" \/><\/figure>\n<\/figure>\n<\/div>\n<\/div>\n<\/div><\/div>\n<\/div>\n<\/div>\n<\/div>\n<\/div>\n<\/div><\/div>\n\n\n\n<div style=\"height:72px\" aria-hidden=\"true\" class=\"wp-block-spacer\"><\/div>\n\n\n\n<div class=\"wp-block-columns is-layout-flex wp-container-core-columns-is-layout-9 wp-block-columns-is-layout-flex\">\n<div class=\"wp-block-column is-layout-flow wp-block-column-is-layout-flow\">\n<p class=\"has-text-align-center text-h6\">D\u00c9FIS<\/p>\n\n\n\n<h2 class=\"wp-block-heading has-text-align-center text-h4\">Nous r\u00e9pondons aux exigences des clients<\/h2>\n\n\n\n<div style=\"height:32px\" aria-hidden=\"true\" class=\"wp-block-spacer\"><\/div>\n<\/div>\n<\/div>\n\n\n\n<p class=\"has-text-align-center\">Solution vapeur pour assurer un processus de d\u00e9sinfection thermique s\u00fbr, homog\u00e8ne et validable dans une usine de production de baies. Nous avons obtenu les r\u00e9sultats suivants :<\/p>\n\n\n\n<div class=\"wp-block-columns is-layout-flex wp-container-core-columns-is-layout-10 wp-block-columns-is-layout-flex\">\n<div class=\"wp-block-column is-layout-flow wp-block-column-is-layout-flow\"><div class=\"wp-block-image\">\n<figure class=\"aligncenter size-large is-resized\"><img decoding=\"async\" src=\"https:\/\/giconmes.es\/wp-content\/uploads\/2023\/03\/generacion-vapor.svg\" alt=\". Generadores de vapor industrial Giconmes\" class=\"wp-image-1889\" style=\"width:56px;height:56px\" title=\"Generadores de vapor industrial Giconmes\"><\/figure><\/div>\n\n\n<p class=\"has-text-align-center\"><strong>D\u00e9sinfection thermique efficace et reproductible<\/strong>, gr\u00e2ce \u00e0 un syst\u00e8me de vapeur capable de porter la temp\u00e9rature d&rsquo;une pi\u00e8ce de <strong>75 m\u00b3 \u00e0 80-90\u00b0C de<\/strong> mani\u00e8re contr\u00f4l\u00e9e, garantissant l&rsquo;\u00e9limination des agents pathog\u00e8nes avant chaque cycle de production.<\/p>\n<\/div>\n\n\n\n<div class=\"wp-block-column is-layout-flow wp-block-column-is-layout-flow\"><div class=\"wp-block-image\">\n<figure class=\"aligncenter size-large is-resized\"><img decoding=\"async\" src=\"https:\/\/giconmes.es\/wp-content\/uploads\/2023\/03\/presion.svg\" alt=\". Generadores de vapor industrial Giconmes\" class=\"wp-image-1886\" style=\"width:56px;height:56px\" title=\"Generadores de vapor industrial Giconmes\"><\/figure><\/div>\n\n\n<p class=\"has-text-align-center\"><strong>Traitement homog\u00e8ne m\u00eame \u00e0 pleine charge<\/strong>, gr\u00e2ce \u00e0 la distribution strat\u00e9gique des injecteurs de vapeur et \u00e0 la recirculation active de l&rsquo;air chaud, garantissant une d\u00e9sinfection uniforme de jusqu&rsquo;\u00e0 <strong>16 palettes de caisses simultan\u00e9ment<\/strong>, sans zones froides ni ombres thermiques.<\/p>\n<\/div>\n\n\n\n<div class=\"wp-block-column is-layout-flow wp-block-column-is-layout-flow\"><div class=\"wp-block-image\">\n<figure class=\"aligncenter size-large is-resized\"><img loading=\"lazy\" decoding=\"async\" width=\"24\" height=\"24\" src=\"https:\/\/giconmes.es\/wp-content\/uploads\/2023\/01\/sliders.svg\" alt=\". Generadores de vapor industrial Giconmes\" class=\"wp-image-402\" style=\"width:56px;height:56px\" title=\"Generadores de vapor industrial Giconmes\"><\/figure><\/div>\n\n\n<p class=\"has-text-align-center\"><strong>Int\u00e9gration simple dans les op\u00e9rations quotidiennes<\/strong>, permettant de r\u00e9aliser le cycle thermique en <strong>2 \u00e0 3 heures<\/strong> maximum, sans interrompre le rythme de production ni introduire de processus complexes pour le personnel de l&rsquo;usine.<\/p>\n<\/div>\n\n\n\n<div class=\"wp-block-column is-layout-flow wp-block-column-is-layout-flow\"><div class=\"wp-block-image\">\n<figure class=\"aligncenter size-large is-resized\"><img loading=\"lazy\" decoding=\"async\" width=\"33\" height=\"33\" src=\"https:\/\/giconmes.es\/wp-content\/uploads\/2023\/02\/water.svg\" alt=\". Generadores de vapor industrial Giconmes\" class=\"wp-image-614\" style=\"width:56px;height:56px\" title=\"Generadores de vapor industrial Giconmes\"><\/figure><\/div>\n\n\n<p class=\"has-text-align-center\"><strong>Processus hygi\u00e9nique, sans produits chimiques, align\u00e9 sur la s\u00e9curit\u00e9 alimentaire<\/strong>, \u00e9liminant le besoin de d\u00e9sinfectants, r\u00e9duisant les d\u00e9chets et garantissant une \u00ab\u00a0r\u00e9initialisation biologique\u00a0\u00bb compl\u00e8te des caisses r\u00e9utilisables, compatible avec les cultures \u00e0 haute valeur ajout\u00e9e et la consommation de mati\u00e8res premi\u00e8res.<\/p>\n<\/div>\n<\/div>\n<\/div><\/div>\n\n<div class=\"wp-block-cover is-light\"><span aria-hidden=\"true\" class=\"wp-block-cover__background has-primary-100-background-color has-background-dim\"><\/span><img loading=\"lazy\" decoding=\"async\" width=\"1216\" height=\"464\" class=\"wp-block-cover__image-background wp-image-459\" alt=\". Generadores de vapor industrial Giconmes\" src=\"https:\/\/giconmes.es\/wp-content\/uploads\/2023\/01\/CTA-3.jpg\" data-object-fit=\"cover\" title=\"Generadores de vapor industrial Giconmes\" srcset=\"https:\/\/giconmes.es\/wp-content\/uploads\/2023\/01\/CTA-3.jpg 1216w, https:\/\/giconmes.es\/wp-content\/uploads\/2023\/01\/CTA-3-300x114.jpg 300w, https:\/\/giconmes.es\/wp-content\/uploads\/2023\/01\/CTA-3-1024x391.jpg 1024w, https:\/\/giconmes.es\/wp-content\/uploads\/2023\/01\/CTA-3-768x293.jpg 768w\" sizes=\"auto, (max-width: 1216px) 100vw, 1216px\" \/><div class=\"wp-block-cover__inner-container is-layout-flow wp-block-cover-is-layout-flow\">\n<div style=\"height:64px\" aria-hidden=\"true\" class=\"wp-block-spacer\"><\/div>\n\n\n\n<div class=\"wp-block-columns is-layout-flex wp-container-core-columns-is-layout-11 wp-block-columns-is-layout-flex\">\n<div class=\"wp-block-column dnone-tablet is-layout-flow wp-block-column-is-layout-flow\" style=\"flex-basis:16.7%\"><\/div>\n\n\n\n<div class=\"wp-block-column is-layout-flow wp-block-column-is-layout-flow\">\n<p class=\"has-text-align-center text-h3 has-body-white-color has-text-color has-large-font-size\">Vous avez besoin d&rsquo;une solution personnalis\u00e9e ?<\/p>\n\n\n\n<p class=\"has-text-align-center text-h5 has-body-white-color has-text-color\">Nous vous aidons \u00e0 d\u00e9finir le type d&rsquo;installation dont vous avez besoin<\/p>\n\n\n\n<div style=\"height:56px\" aria-hidden=\"true\" class=\"wp-block-spacer\"><\/div>\n\n\n\n<div class=\"wp-block-buttons is-content-justification-center is-layout-flex wp-container-core-buttons-is-layout-2 wp-block-buttons-is-layout-flex\">\n<div class=\"wp-block-button\"><a class=\"wp-block-button__link has-primary-background-color has-background wp-element-button\" href=\"tel:+34976500108\">APPELEZ-NOUS<\/a><\/div>\n\n\n\n<div class=\"wp-block-button\"><a class=\"wp-block-button__link has-secondary-background-color has-background wp-element-button\" href=\"https:\/\/giconmes.es\/fr\/contact\/\">CONTACTEZ-NOUS<\/a><\/div>\n\n\n\n<div class=\"wp-block-button is-style-outline is-style-outline--3\"><a class=\"wp-block-button__link has-body-white-color has-text-color wp-element-button\" href=\"https:\/\/giconmes.es\/fr\/ingenierie\/faq\/\">FAQS<\/a><\/div>\n<\/div>\n<\/div>\n\n\n\n<div class=\"wp-block-column dnone-tablet is-layout-flow wp-block-column-is-layout-flow\" style=\"flex-basis:16.7%\"><\/div>\n<\/div>\n\n\n\n<div style=\"height:64px\" aria-hidden=\"true\" class=\"wp-block-spacer\"><\/div>\n<\/div><\/div>\n\n<div class=\"wp-block-columns has-bg-40-background-color has-background is-layout-flex wp-container-core-columns-is-layout-13 wp-block-columns-is-layout-flex\">\n<div class=\"wp-block-column dnone-tablet is-layout-flow wp-block-column-is-layout-flow\" style=\"flex-basis:8.33%\"><\/div>\n\n\n\n<div class=\"wp-block-column is-layout-flow wp-block-column-is-layout-flow\">\n\n<div id=\"faqs--block_a5c395c194df7a83564dbfb18ec3307c\" class=\"faqs-block mb-6\">\n        \n    <button class=\"faqs-btn\">\n        <span>\n            <div class=\"screen-reader-text\">Open<\/div>\n        <\/span>\n        Quelles sont les \u00e9missions produites par une chaudi\u00e8re \u00e9lectrique ?    <\/button>\n\n    <div class=\"faqs-content\">\n        <div class=\"mt-1 mb-2\"><p class=\"p1\">Il n&rsquo;y a pas d&rsquo;\u00e9missions polluantes autres que celles produites dans le processus de production d&rsquo;\u00e9lectricit\u00e9, de sorte qu&rsquo;elles peuvent devenir neutres en fonction du mix \u00e9lectrique. Les chaudi\u00e8res \u00e9lectriques \u00e0 vapeur sont le pr\u00e9sent et l&rsquo;avenir. <\/p>\n<\/div>\n    <\/div>\n\n        \n    <button class=\"faqs-btn\">\n        <span>\n            <div class=\"screen-reader-text\">Open<\/div>\n        <\/span>\n        Est-il possible d&rsquo;automatiser le fonctionnement d&rsquo;un g\u00e9n\u00e9rateur de vapeur et de le contr\u00f4ler \u00e0 distance ?     <\/button>\n\n    <div class=\"faqs-content\">\n        <div class=\"mt-1 mb-2\"><p class=\"p1\">Parfaitement. Elle est m\u00eame recommand\u00e9e pour une efficacit\u00e9 maximale. Il n&rsquo;y a pas de probl\u00e8me de t\u00e9l\u00e9commande tant que la r\u00e9glementation en vigueur est respect\u00e9e.  <\/p>\n<\/div>\n    <\/div>\n\n        \n    <button class=\"faqs-btn\">\n        <span>\n            <div class=\"screen-reader-text\">Open<\/div>\n        <\/span>\n        Quel est l&rsquo;entretien d&rsquo;un g\u00e9n\u00e9rateur de vapeur \u00e9lectrique ?    <\/button>\n\n    <div class=\"faqs-content\">\n        <div class=\"mt-1 mb-2\"><p class=\"p1\">Un g\u00e9n\u00e9rateur de vapeur est un \u00e9quipement sous pression qui, avec le r\u00e9seau de tuyauterie concern\u00e9, est soumis \u00e0 un contr\u00f4le r\u00e9glementaire et \u00e0 des instructions techniques compl\u00e9mentaires, conform\u00e9ment au r\u00e8glement publi\u00e9 dans le d\u00e9cret royal 809\/2021, du 21 septembre. Son entretien est divis\u00e9 en une partie de conformit\u00e9 simple par le propri\u00e9taire : <\/p>\n<ol>\n<li class=\"p1\">Conna\u00eetre et appliquer les instructions d&rsquo;utilisation, les moyens de s\u00e9curit\u00e9 et l&rsquo;entretien du fabricant.<\/li>\n<li class=\"p1\">Ne pas mettre en service l&rsquo;installation ou emp\u00eacher le fonctionnement de l&rsquo;\u00e9quipement sous pression si les exigences du r\u00e8glement ne sont pas respect\u00e9es.<\/li>\n<li class=\"p1\">Disposer au moins de la documentation suivante pour l&rsquo;\u00e9quipement sous pression lorsqu&rsquo;il est install\u00e9 : d\u00e9claration de conformit\u00e9, le cas \u00e9ch\u00e9ant, instructions du fabricant et, le cas \u00e9ch\u00e9ant, certificat d&rsquo;installation, ainsi que d&rsquo;autres documents justificatifs (le cas \u00e9ch\u00e9ant, projet d&rsquo;installation, rapport de la derni\u00e8re inspection p\u00e9riodique, certificats de r\u00e9paration ou de modification de l&rsquo;\u00e9quipement, ainsi que tout autre document requis par l&rsquo;instruction technique compl\u00e9mentaire (ITC) correspondante du pr\u00e9sent r\u00e8glement). Pour le contenu, voir l&rsquo;annexe IV du r\u00e8glement. Cette documentation est \u00e0 la disposition de l&rsquo;organisme comp\u00e9tent de la communaut\u00e9 autonome et des entreprises qui effectuent l&rsquo;entretien, les r\u00e9parations ou les contr\u00f4les p\u00e9riodiques.<\/li>\n<li class=\"p1\">Utilisez l&rsquo;\u00e9quipement sous pression dans les limites de fonctionnement sp\u00e9cifi\u00e9es par le fabricant et mettez-le hors service s&rsquo;il ne r\u00e9pond plus aux exigences de s\u00e9curit\u00e9 n\u00e9cessaires.<\/li>\n<li class=\"p1\">Entretenir les installations, les \u00e9quipements sous pression, les accessoires de s\u00e9curit\u00e9 et les dispositifs de contr\u00f4le conform\u00e9ment aux conditions d&rsquo;exploitation et aux instructions du fabricant et <b>les inspecter au moins une fois par an <\/b>.  <\/li>\n<li class=\"p1\">Ordonner des contr\u00f4les p\u00e9riodiques conform\u00e9ment aux dispositions de l&rsquo;article 6 du r\u00e8glement.<\/li>\n<li class=\"p1\">Disposer et tenir \u00e0 jour un registre des \u00e9quipements sous pression des cat\u00e9gories I \u00e0 IV, du RD 709\/2015, du 24 juillet, ou assimil\u00e9s \u00e0 ces cat\u00e9gories conform\u00e9ment \u00e0 l&rsquo;article 3.2 du r\u00e8glement, ainsi que de leurs installations.<\/li>\n<\/ol>\n<\/div>\n    <\/div>\n\n        \n    <button class=\"faqs-btn\">\n        <span>\n            <div class=\"screen-reader-text\">Open<\/div>\n        <\/span>\n        \u00c0 quelle temp\u00e9rature la vapeur est-elle produite ? Peut-on la contr\u00f4ler et la faire varier en fonction des besoins ?     <\/button>\n\n    <div class=\"faqs-content\">\n        <div class=\"mt-1 mb-2\"><p class=\"p1\">Il est bien connu qu&rsquo;en appliquant une source de chaleur \u00e0 l&rsquo;eau, celle-ci se transforme en vapeur \u00e0 partir du point d&rsquo;\u00e9bullition et \u00e0 la pression atmosph\u00e9rique. \u00c0 partir de ce point, en fonction du degr\u00e9 de saturation de la vapeur requis pour son application correcte, nous devrons augmenter la pression afin d&rsquo;obtenir une temp\u00e9rature plus \u00e9lev\u00e9e. Pour modifier la temp\u00e9rature et le degr\u00e9 de saturation de la vapeur, il faut toujours modifier la pression.  <\/p>\n<\/div>\n    <\/div>\n\n        \n    <button class=\"faqs-btn\">\n        <span>\n            <div class=\"screen-reader-text\">Open<\/div>\n        <\/span>\n        Qu&rsquo;est-ce qu&rsquo;une barre en thermodynamique ?    <\/button>\n\n    <div class=\"faqs-content\">\n        <div class=\"mt-1 mb-2\"><p class=\"p1\">Il s&rsquo;agit d&rsquo;une unit\u00e9 de pression \u00e9quivalente \u00e0 1Kg\/cm2, 0,98 atmosph\u00e8re ou 14,50 PSI.<\/p>\n<\/div>\n    <\/div>\n\n    <\/div>\n\n<script>\nvar acc = document.querySelectorAll( \"#faqs--block_a5c395c194df7a83564dbfb18ec3307c .faqs-btn\");\nvar i;\n\nfor (i = 0; i < acc.length; i++) {\n    acc[i].addEventListener(\"click\", function() {\n        this.classList.toggle(\"active\");\n        var panel = this.nextElementSibling;\n        if (panel.style.maxHeight) {\n            panel.style.maxHeight = null;\n        } else {\n            panel.style.maxHeight = panel.scrollHeight + \"px\";\n        }\n    });\n}\n<\/script>\n\n\n<div style=\"height:56px\" aria-hidden=\"true\" class=\"wp-block-spacer\"><\/div>\n\n\n\n<div class=\"wp-block-columns is-layout-flex wp-container-core-columns-is-layout-12 wp-block-columns-is-layout-flex\">\n<div class=\"wp-block-column is-layout-flow wp-block-column-is-layout-flow\">\n<p class=\"text-h3 has-body-medium-color has-text-color\">Vous n'avez pas trouv\u00e9 les r\u00e9ponses \u00e0 vos questions ?<\/p>\n\n\n\n<p>Envoyez-nous une demande de renseignements ou t\u00e9l\u00e9chargez toutes les informations<\/p>\n<\/div>\n\n\n\n<div class=\"wp-block-column is-layout-flow wp-block-column-is-layout-flow\">\n<div class=\"wp-block-contact-form-7-contact-form-selector\">\n<div class=\"wpcf7 no-js\" id=\"wpcf7-f10369-o1\" lang=\"fr-FR\" dir=\"ltr\" data-wpcf7-id=\"10369\">\n<div class=\"screen-reader-response\"><p role=\"status\" aria-live=\"polite\" aria-atomic=\"true\"><\/p> <ul><\/ul><\/div>\n<form action=\"\/fr\/wp-json\/wp\/v2\/stories\/18532#wpcf7-f10369-o1\" method=\"post\" class=\"wpcf7-form init\" aria-label=\"Formulaire de contact\" novalidate=\"novalidate\" data-status=\"init\">\n<fieldset class=\"hidden-fields-container\"><input type=\"hidden\" name=\"_wpcf7\" value=\"10369\" \/><input type=\"hidden\" name=\"_wpcf7_version\" value=\"6.1.5\" \/><input type=\"hidden\" name=\"_wpcf7_locale\" value=\"fr_FR\" \/><input type=\"hidden\" name=\"_wpcf7_unit_tag\" value=\"wpcf7-f10369-o1\" \/><input type=\"hidden\" name=\"_wpcf7_container_post\" value=\"0\" \/><input type=\"hidden\" name=\"_wpcf7_posted_data_hash\" value=\"\" \/><input type=\"hidden\" name=\"_wpcf7_recaptcha_response\" value=\"\" \/>\n<\/fieldset>\n<p><label> Nom <span class=\"wpcf7-form-control-wrap\" data-name=\"your-name\"><input size=\"40\" maxlength=\"400\" class=\"wpcf7-form-control wpcf7-text wpcf7-validates-as-required\" autocomplete=\"name\" aria-required=\"true\" aria-invalid=\"false\" value=\"\" type=\"text\" name=\"your-name\" \/><\/span> <\/label>\n<\/p>\n<p><label> Courriel <span class=\"wpcf7-form-control-wrap\" data-name=\"your-email\"><input size=\"40\" maxlength=\"400\" class=\"wpcf7-form-control wpcf7-email wpcf7-validates-as-required wpcf7-text wpcf7-validates-as-email\" autocomplete=\"email\" aria-required=\"true\" aria-invalid=\"false\" value=\"\" type=\"email\" name=\"your-email\" \/><\/span> <\/label>\n<\/p>\n<p><label> Message (facultatif) <span class=\"wpcf7-form-control-wrap\" data-name=\"your-message\"><textarea cols=\"40\" rows=\"4\" maxlength=\"2000\" class=\"wpcf7-form-control wpcf7-textarea\" aria-invalid=\"false\" name=\"your-message\"><\/textarea><\/span> <\/label>\n<\/p>\n<p><span class=\"wpcf7-form-control-wrap\" data-name=\"acceptance-320\"><span class=\"wpcf7-form-control wpcf7-acceptance\"><span class=\"wpcf7-list-item\"><label><input type=\"checkbox\" name=\"acceptance-320\" value=\"1\" aria-invalid=\"false\" \/><span class=\"wpcf7-list-item-label\">J'ai lu et j'accepte la <a href=\"\">politique de confidentialit\u00e9<\/a><\/span><\/label><\/span><\/span><\/span>\n<\/p>\n<p><input class=\"wpcf7-form-control wpcf7-submit has-spinner\" type=\"submit\" value=\"Envoyer\" \/>\n<\/p><p style=\"display: none !important;\" class=\"akismet-fields-container\" data-prefix=\"_wpcf7_ak_\"><label>&#916;<textarea name=\"_wpcf7_ak_hp_textarea\" cols=\"45\" rows=\"8\" maxlength=\"100\"><\/textarea><\/label><input type=\"hidden\" id=\"ak_js_1\" name=\"_wpcf7_ak_js\" value=\"221\"\/><script>\ndocument.getElementById( \"ak_js_1\" ).setAttribute( \"value\", ( new Date() ).getTime() );\n<\/script>\n<\/p><div class=\"wpcf7-response-output\" aria-hidden=\"true\"><\/div>\n<\/form>\n<\/div>\n<\/div>\n<\/div>\n<\/div>\n<\/div>\n\n\n\n<div class=\"wp-block-column dnone-tablet is-layout-flow wp-block-column-is-layout-flow\" style=\"flex-basis:8.33%\"><\/div>\n<\/div>\n\n<div class=\"wp-block-columns mb-0 is-layout-flex wp-container-core-columns-is-layout-14 wp-block-columns-is-layout-flex\">\n<div class=\"wp-block-column is-layout-flow wp-block-column-is-layout-flow\" style=\"flex-basis:58.3%\">\n<div style=\"height:112px\" aria-hidden=\"true\" class=\"wp-block-spacer\"><\/div>\n\n\n\n<h2 class=\"wp-block-heading text-h6\">UTILISATIONS DE LA VAPEUR DANS L'INDUSTRIE ET D'AUTRES ENTREPRISES<\/h2>\n\n\n\n<div style=\"height:16px\" aria-hidden=\"true\" class=\"wp-block-spacer\"><\/div>\n\n\n\n<p class=\"text-h2\">Autres r\u00e9ussites similaires avec l'utilisation de la vapeur<\/p>\n<\/div>\n\n\n\n<div class=\"wp-block-column dnone-tablet is-layout-flow wp-block-column-is-layout-flow\" style=\"flex-basis:8.3%\">\n<figure class=\"wp-block-image size-full\"><img loading=\"lazy\" decoding=\"async\" width=\"9\" height=\"544\" src=\"https:\/\/giconmes.es\/wp-content\/uploads\/2023\/02\/LINE.png\" alt=\". Generadores de vapor industrial Giconmes\" class=\"wp-image-255\" title=\"Generadores de vapor industrial Giconmes\"><\/figure>\n<\/div>\n\n\n\n<div class=\"wp-block-column is-layout-flow wp-block-column-is-layout-flow\" style=\"flex-basis:33.33%\">\n<div style=\"height:160px\" aria-hidden=\"true\" class=\"wp-block-spacer dnone-mobile\"><\/div>\n\n\n\n<p><strong><strong>L'utilisation de la vapeur gagne en popularit\u00e9 dans diverses industries en raison de son efficacit\u00e9 et de ses avantages pour l'environnement.<\/strong><\/strong>.<\/p>\n\n\n\n<p>Dans notre section \"Success stories\", vous pouvez en savoir plus sur les entreprises qui ont adopt\u00e9 cette technologie et obtenu des r\u00e9sultats probants en termes d'efficacit\u00e9 et de durabilit\u00e9. Cliquez sur les exemples de r\u00e9ussite pour en savoir plus. <\/p>\n<\/div>\n<\/div>\n\n<div class=\"wp-block-columns is-layout-flex wp-container-core-columns-is-layout-15 wp-block-columns-is-layout-flex\">\n<div class=\"wp-block-column is-layout-flow wp-block-column-is-layout-flow\">        <div class=\"card-block\">\n            \n            <div class=\"card-img\">\n                <img loading=\"lazy\" decoding=\"async\" width=\"1920\" height=\"1446\" src=\"https:\/\/giconmes.es\/wp-content\/uploads\/2025\/11\/solucion-integral-reubicacion-ampliacion-sistema-vapor-sala-blanca-01.webp\" class=\"attachment-post-thumbnail size-post-thumbnail wp-post-image\" alt=\"Soluci\u00f3n integral de reubicaci\u00f3n y ampliaci\u00f3n del sistema de vapor en sala blanca\" srcset=\"https:\/\/giconmes.es\/wp-content\/uploads\/2025\/11\/solucion-integral-reubicacion-ampliacion-sistema-vapor-sala-blanca-01.webp 1920w, https:\/\/giconmes.es\/wp-content\/uploads\/2025\/11\/solucion-integral-reubicacion-ampliacion-sistema-vapor-sala-blanca-01-300x226.webp 300w, https:\/\/giconmes.es\/wp-content\/uploads\/2025\/11\/solucion-integral-reubicacion-ampliacion-sistema-vapor-sala-blanca-01-1024x771.webp 1024w, https:\/\/giconmes.es\/wp-content\/uploads\/2025\/11\/solucion-integral-reubicacion-ampliacion-sistema-vapor-sala-blanca-01-768x578.webp 768w, https:\/\/giconmes.es\/wp-content\/uploads\/2025\/11\/solucion-integral-reubicacion-ampliacion-sistema-vapor-sala-blanca-01-1536x1157.webp 1536w\" sizes=\"auto, (max-width: 1920px) 100vw, 1920px\" title=\"Generadores de vapor industrial Giconmes\">            <\/div>\n            \n            <div class=\"card-title\">\n                <h2 class=\"text-h4\"><a href=\"https:\/\/giconmes.es\/fr\/histoires-reussite\/solution-complete-pour-le-deplacement-et-lextension-du-systeme-de-vapeur-dans-la-salle-blanche\/\">Solution compl\u00e8te pour le d\u00e9placement et l&#039;extension du syst\u00e8me de vapeur dans la salle blanche.<\/a><\/h2>\n            <\/div>\n    \n            <div class=\"card-exceprt\">\n                <p>Situation initiale Quels sont les d\u00e9fis que le client nous a pr\u00e9sent\u00e9s ? Une entreprise de biotechnologie avait besoin d&rsquo;un approvisionnement stable, s\u00fbr et validable en vapeur pour alimenter ses fermenteurs et d&rsquo;autres processus thermiques critiques. L&rsquo;installation existante, fruit de la croissance acc\u00e9l\u00e9r\u00e9e de l&rsquo;usine, pr\u00e9sentait plusieurs limites qui rendaient difficile son fonctionnement quotidien et [&hellip;]<\/p>\n            <\/div>\n    \n            <div class=\"card-icon\">\n                <img loading=\"lazy\" decoding=\"async\" src=\"https:\/\/giconmes.es\/wp-content\/themes\/giconmes\/assets\/icons\/arrow-card.svg\" width=\"56\" height=\"40\" alt=\"Flecha\" title=\"Generadores de vapor industrial Giconmes\">\n            <\/div>\t\n            \n        <\/div>\n    \n<\/div>\n\n\n\n<div class=\"wp-block-column is-layout-flow wp-block-column-is-layout-flow\">        <div class=\"card-block\">\n            \n            <div class=\"card-img\">\n                <img loading=\"lazy\" decoding=\"async\" width=\"1280\" height=\"720\" src=\"https:\/\/giconmes.es\/wp-content\/uploads\/2025\/10\/solucion-vapor-limpieza-enfriadores-espiral.webp\" class=\"attachment-post-thumbnail size-post-thumbnail wp-post-image\" alt=\"Soluci\u00f3n de vapor para la limpieza de enfriadores en espiral\" srcset=\"https:\/\/giconmes.es\/wp-content\/uploads\/2025\/10\/solucion-vapor-limpieza-enfriadores-espiral.webp 1280w, https:\/\/giconmes.es\/wp-content\/uploads\/2025\/10\/solucion-vapor-limpieza-enfriadores-espiral-300x169.webp 300w, https:\/\/giconmes.es\/wp-content\/uploads\/2025\/10\/solucion-vapor-limpieza-enfriadores-espiral-1024x576.webp 1024w, https:\/\/giconmes.es\/wp-content\/uploads\/2025\/10\/solucion-vapor-limpieza-enfriadores-espiral-768x432.webp 768w\" sizes=\"auto, (max-width: 1280px) 100vw, 1280px\" title=\"Generadores de vapor industrial Giconmes\">            <\/div>\n            \n            <div class=\"card-title\">\n                <h2 class=\"text-h4\"><a href=\"https:\/\/giconmes.es\/fr\/histoires-reussite\/vapeur-ad-hoc-pour-reduire-le-nettoyage-des-refroidisseurs-a-spirale-de-8-a-2-heures\/\">Vapeur ad hoc pour r\u00e9duire le nettoyage des refroidisseurs \u00e0 spirale de 8 \u00e0 2 heures<\/a><\/h2>\n            <\/div>\n    \n            <div class=\"card-exceprt\">\n                <p>Situation initiale Quels sont les d\u00e9fis que le client nous a pr\u00e9sent\u00e9s ? Une grande entreprise de l&rsquo;industrie alimentaire poss\u00e9dait un refroidisseur compos\u00e9 de deux tours en spirale ( 675 m\u00e8tres de convoyeur au total), qui constituait un \u00e9l\u00e9ment cl\u00e9 de sa cha\u00eene de production. Cependant, le syst\u00e8me de nettoyage existant pr\u00e9sentait de s\u00e9rieuses limites [&hellip;]<\/p>\n            <\/div>\n    \n            <div class=\"card-icon\">\n                <img loading=\"lazy\" decoding=\"async\" src=\"https:\/\/giconmes.es\/wp-content\/themes\/giconmes\/assets\/icons\/arrow-card.svg\" width=\"56\" height=\"40\" alt=\"Flecha\" title=\"Generadores de vapor industrial Giconmes\">\n            <\/div>\t\n            \n        <\/div>\n    \n<\/div>\n<\/div>\n","protected":false},"excerpt":{"rendered":"<p>Situation initiale Quels sont les d\u00e9fis que le client nous a pr\u00e9sent\u00e9s ? Une entreprise sp\u00e9cialis\u00e9e dans la culture de plantes destin\u00e9es \u00e0 la production de baies devait garantir un processus de d\u00e9sinfection thermique s\u00fbr, efficace et reproductible pour les caisses en plastique (polypropyl\u00e8ne) r\u00e9utilisables utilis\u00e9es pendant la culture. La r\u00e9utilisation intensive de ces conteneurs, [&hellip;]<\/p>\n","protected":false},"featured_media":18308,"menu_order":0,"template":"","class_list":["post-18532","stories","type-stories","status-publish","has-post-thumbnail","hentry"],"acf":[],"_links":{"self":[{"href":"https:\/\/giconmes.es\/fr\/wp-json\/wp\/v2\/stories\/18532","targetHints":{"allow":["GET"]}}],"collection":[{"href":"https:\/\/giconmes.es\/fr\/wp-json\/wp\/v2\/stories"}],"about":[{"href":"https:\/\/giconmes.es\/fr\/wp-json\/wp\/v2\/types\/stories"}],"wp:featuredmedia":[{"embeddable":true,"href":"https:\/\/giconmes.es\/fr\/wp-json\/wp\/v2\/media\/18308"}],"wp:attachment":[{"href":"https:\/\/giconmes.es\/fr\/wp-json\/wp\/v2\/media?parent=18532"}],"curies":[{"name":"wp","href":"https:\/\/api.w.org\/{rel}","templated":true}]}}