{"id":16839,"date":"2025-08-26T10:53:36","date_gmt":"2025-08-26T09:53:36","guid":{"rendered":"https:\/\/giconmes.es\/casos-exito\/installation-dun-reseau-de-vapeur-dans-une-usine-textile\/"},"modified":"2025-08-26T10:55:43","modified_gmt":"2025-08-26T09:55:43","slug":"installation-dun-reseau-de-vapeur-dans-une-usine-textile","status":"publish","type":"stories","link":"https:\/\/giconmes.es\/fr\/histoires-reussite\/installation-dun-reseau-de-vapeur-dans-une-usine-textile\/","title":{"rendered":"Installation d&rsquo;un r\u00e9seau de vapeur dans une usine textile"},"content":{"rendered":"\n<div class=\"wp-block-cover alignfull is-light is-style-hero-cover\" style=\"min-height:784px;aspect-ratio:unset;\"><span aria-hidden=\"true\" class=\"wp-block-cover__background has-body-white-background-color has-background-dim-80 has-background-dim\"><\/span><img loading=\"lazy\" decoding=\"async\" width=\"1280\" height=\"622\" class=\"wp-block-cover__image-background wp-image-16810\" alt=\"Instalaci\u00f3n de una red de vapor en una f\u00e1brica textil\" src=\"https:\/\/giconmes.es\/wp-content\/uploads\/2025\/08\/instalacion-red-vapor-fabrica-textil-05.webp\" data-object-fit=\"cover\" title=\"Generadores de vapor industrial Giconmes\" srcset=\"https:\/\/giconmes.es\/wp-content\/uploads\/2025\/08\/instalacion-red-vapor-fabrica-textil-05.webp 1280w, https:\/\/giconmes.es\/wp-content\/uploads\/2025\/08\/instalacion-red-vapor-fabrica-textil-05-300x146.webp 300w, https:\/\/giconmes.es\/wp-content\/uploads\/2025\/08\/instalacion-red-vapor-fabrica-textil-05-1024x498.webp 1024w, https:\/\/giconmes.es\/wp-content\/uploads\/2025\/08\/instalacion-red-vapor-fabrica-textil-05-768x373.webp 768w\" sizes=\"auto, (max-width: 1280px) 100vw, 1280px\" \/><div class=\"wp-block-cover__inner-container is-layout-flow wp-block-cover-is-layout-flow\">\n<div style=\"height:144px\" aria-hidden=\"true\" class=\"wp-block-spacer dnone-mobile\"><\/div>\n\n\n\n<div class=\"wp-block-columns is-layout-flex wp-container-core-columns-is-layout-1 wp-block-columns-is-layout-flex\">\n<div class=\"wp-block-column is-layout-flow wp-block-column-is-layout-flow\">\n<p class=\"text-h6 has-body-medium-color has-text-color\">exemples de r\u00e9ussite<\/p>\n<\/div>\n<\/div>\n\n\n\n<div class=\"wp-block-columns is-layout-flex wp-container-core-columns-is-layout-2 wp-block-columns-is-layout-flex\">\n<div class=\"wp-block-column border--right_start is-layout-flow wp-block-column-is-layout-flow\" style=\"flex-basis:50%\"><h1 class=\"wp-block-post-title\">Installation d&rsquo;un r\u00e9seau de vapeur dans une usine textile<\/h1><\/div>\n\n\n\n<div class=\"wp-block-column dnone-tablet is-layout-flow wp-block-column-is-layout-flow\" style=\"flex-basis:8.3%\"><\/div>\n\n\n\n<div class=\"wp-block-column is-layout-flow wp-block-column-is-layout-flow\">\n<p class=\"text-h5 has-medium-font-size\"><strong>Description du projet<\/strong><\/p>\n\n\n\n<p class=\"has-medium-font-size\">Solution vapeur pour un nouveau centre de finition de v\u00eatements et de repassage industriel d&rsquo;une entreprise textile du plus grand groupe de mode au monde.<\/p>\n\n\n\n<div style=\"height:32px\" aria-hidden=\"true\" class=\"wp-block-spacer\"><\/div>\n\n\n\n<p><a href=\"https:\/\/giconmes.es\/fr\/contact\/\"><strong>POUVONS-NOUS VOUS AIDER ?<\/strong><\/a><\/p>\n<\/div>\n<\/div>\n\n\n\n<div class=\"wp-block-columns is-layout-flex wp-container-core-columns-is-layout-3 wp-block-columns-is-layout-flex\">\n<div class=\"wp-block-column is-layout-flow wp-block-column-is-layout-flow\">\n<figure class=\"wp-block-image size-full\"><a href=\"#breadcrumbs\"><img decoding=\"async\" src=\"https:\/\/giconmes.es\/wp-content\/uploads\/2023\/07\/arrow-down.svg\" alt=\"Parchemin\" class=\"wp-image-221\" title=\"Generadores de vapor industrial Giconmes\"><\/a><\/figure>\n<\/div>\n<\/div>\n<\/div><\/div>\n<div id=\"breadcrumbs\" class=\"alignfull\"><nav aria-label=\"breadcrumbs\" class=\"rank-math-breadcrumb\"><p><span class=\"label\">VAPOR PARA LA INDUSTRIA \u00bb<\/span> <span class=\"last\">Giconmes<\/span><\/p><\/nav><\/div>\n<div class=\"wp-block-group alignfull has-bg-20-background-color has-background\"><div class=\"wp-block-group__inner-container is-layout-constrained wp-block-group-is-layout-constrained\">\n<div style=\"height:64px\" aria-hidden=\"true\" class=\"wp-block-spacer\"><\/div>\n\n\n\n<div class=\"wp-block-columns mb-0 is-layout-flex wp-container-core-columns-is-layout-4 wp-block-columns-is-layout-flex\">\n<div class=\"wp-block-column is-layout-flow wp-block-column-is-layout-flow\" style=\"flex-basis:41.666%\">\n<p class=\"text-h6\">Situation initiale<\/p>\n\n\n\n<h2 class=\"wp-block-heading text-h4\">Quels sont les d\u00e9fis que le client nous a pr\u00e9sent\u00e9s ?<\/h2>\n\n\n\n<div style=\"height:32px\" aria-hidden=\"true\" class=\"wp-block-spacer\"><\/div>\n\n\n\n<div class=\"wp-block-buttons is-layout-flex wp-block-buttons-is-layout-flex\">\n<div class=\"wp-block-button is-style-outline is-style-outline--1\"><a class=\"wp-block-button__link has-secondary-80-color has-text-color wp-element-button\" href=\"javascript:if(window.print)window.print()\" rel=\" nofollow\">T\u00e9l\u00e9charger l&rsquo;\u00e9tude<\/a><\/div>\n<\/div>\n<\/div>\n\n\n\n<div class=\"wp-block-column is-layout-flow wp-block-column-is-layout-flow\" style=\"flex-basis:58.3%\">\n<div style=\"height:32px\" aria-hidden=\"true\" class=\"wp-block-spacer\"><\/div>\n\n\n\n<p>Le client est une <strong>entreprise textile<\/strong>, fournisseur direct du <strong>plus grand groupe de mode au monde<\/strong>, qui nous a pr\u00e9sent\u00e9 un d\u00e9fi technique et op\u00e9rationnel : <strong>concevoir et r\u00e9aliser l&rsquo;installation \u00e0 vapeur d&rsquo;<\/strong> un <strong>nouveau centre de finition de v\u00eatements et de repassage industriel en \u00c9thiopie<\/strong>, o\u00f9 se concentre une grande partie de sa production.<\/p>\n\n\n\n<p>L&rsquo;ampleur du projet exigeait trois principes non n\u00e9gociables : la <strong>fiabilit\u00e9<\/strong>, la <strong>flexibilit\u00e9<\/strong> et la <strong>durabilit\u00e9<\/strong>.<\/p>\n\n\n\n<p>Le principal d\u00e9fi \u00e9tait le volume de mat\u00e9riel \u00e0 alimenter. Au total, <strong>plus de 130 repasseuses<\/strong> r\u00e9parties dans deux halls : <\/p>\n\n\n\n<ul class=\"wp-block-list\">\n<li>Hall 1 \u2192 38 tables de repassage et 8 mannequins \u00e0 vapeur.<\/li>\n\n\n\n<li>Hall 2 \u2192 74 tables de repassage et 18 mannequins \u00e0 vapeur.<\/li>\n<\/ul>\n\n\n\n<p>Cela repr\u00e9sentait une <strong>demande totale de plus de 1 100 kW de vapeur<\/strong>, ce qui signifiait qu&rsquo;un syst\u00e8me de production et de distribution extr\u00eamement pr\u00e9cis devait \u00eatre con\u00e7u pour \u00e9viter les pertes de performance.<\/p>\n\n\n\n<p>La solution conventionnelle aurait consist\u00e9 \u00e0 installer une grande chaudi\u00e8re centrale pour alimenter l&rsquo;ensemble de l&rsquo;usine, mais le client a identifi\u00e9 des limites \u00e9videntes \u00e0 ce mod\u00e8le :<\/p>\n\n\n\n<ul class=\"wp-block-list\">\n<li>Un risque op\u00e9rationnel \u00e9lev\u00e9 : si la chaudi\u00e8re centrale tombe en panne, toute la production s&rsquo;arr\u00eate.<\/li>\n\n\n\n<li>Manque de flexibilit\u00e9 : une seule chaudi\u00e8re ne permet pas d&rsquo;adapter la consommation aux variations quotidiennes de la charge.<\/li>\n\n\n\n<li>Co\u00fbts de maintenance \u00e9lev\u00e9s : les arr\u00eats techniques des grands \u00e9quipements ont un impact direct sur la production.<\/li>\n<\/ul>\n\n\n\n<p>\u00c0 cela s&rsquo;ajoutait une exigence strat\u00e9gique : la multinationale du textile demandait que la production de vapeur soit <strong>100 % \u00e9lectrique<\/strong>, excluant les options traditionnelles de gaz ou de diesel. Cette exigence impliquait une coordination pr\u00e9cise de la puissance \u00e9lectrique disponible, de l&#8217;emplacement des \u00e9quipements et des connexions, afin d&rsquo;\u00e9viter toute surcharge du r\u00e9seau. <\/p>\n\n\n\n<p>La distribution de la vapeur \u00e9tait \u00e9galement un d\u00e9fi en soi. Le client souhaitait qu&rsquo;elle soit achemin\u00e9e de mani\u00e8re r\u00e9guli\u00e8re et s\u00fbre vers chaque table de repassage et mannequin, via un r\u00e9seau de <strong>tuyaux \u00e0 isolation thermique<\/strong>, \u00e9quip\u00e9s d&rsquo;<strong>\u00e9lectrovannes<\/strong> et de <strong>raccords <\/strong>sp\u00e9cifiques, afin d&rsquo;assurer un approvisionnement fiable tout en permettant une gestion modulaire de la consommation. <\/p>\n\n\n\n<p>Un autre aspect critique \u00e9tait la <a href=\"https:\/\/giconmes.es\/fr\/qualite-de-la-vapeur-applications-en-fonction-de-sa-purete\/\">qualit\u00e9 de la vapeur<\/a>. Avec une consommation estim\u00e9e \u00e0 560 L\/h dans le hall 1 et 800 L\/h dans le hall 2, il \u00e9tait essentiel d&rsquo;installer un syst\u00e8me de <strong>d\u00e9calcification centralis\u00e9<\/strong> pour prot\u00e9ger les g\u00e9n\u00e9rateurs contre l&rsquo;entartrage et garantir un fonctionnement stable et durable. <\/p>\n\n\n\n<p>Enfin, le client a formul\u00e9 une exigence suppl\u00e9mentaire : l&rsquo;installation ne devait pas \u00eatre rigide, mais <strong>\u00e9volutive<\/strong>. L&rsquo;usine textile est un environnement dynamique, o\u00f9 les lignes de production changent, o\u00f9 de nouveaux \u00e9quipements sont ajout\u00e9s et o\u00f9 les besoins varient. Le r\u00e9seau devait donc \u00eatre con\u00e7u de mani\u00e8re <strong>modulaire et flexible<\/strong>, afin de permettre des extensions sans avoir \u00e0 refaire compl\u00e8tement l&rsquo;installation.  <\/p>\n\n\n\n<p>Ce projet impliquait non seulement une conception technique innovante, mais aussi une solution ax\u00e9e sur la durabilit\u00e9, r\u00e9duisant les risques op\u00e9rationnels, assurant l&rsquo;efficacit\u00e9 \u00e9nerg\u00e9tique et garantissant la capacit\u00e9 de l&rsquo;usine \u00e0 cro\u00eetre \u00e0 l&rsquo;avenir.<\/p>\n<\/div>\n<\/div>\n\n\n\n<div style=\"height:64px\" aria-hidden=\"true\" class=\"wp-block-spacer\"><\/div>\n\n\n\n<div class=\"wp-block-columns alignwide are-vertically-aligned-center mb-0 has-body-main-color has-primary-20-background-color has-text-color has-background is-layout-flex wp-container-core-columns-is-layout-5 wp-block-columns-is-layout-flex\">\n<div class=\"wp-block-column is-vertically-aligned-center dnone-tablet is-layout-flow wp-block-column-is-layout-flow\" style=\"flex-basis:4.3%\"><\/div>\n\n\n\n<div class=\"wp-block-column is-vertically-aligned-center is-layout-flow wp-block-column-is-layout-flow\">\n<div style=\"height:72px\" aria-hidden=\"true\" class=\"wp-block-spacer dnone-tablet\"><\/div>\n\n\n\n<p class=\"text-h6 has-secondary-color has-text-color\">Solution fournie<\/p>\n\n\n\n<h2 class=\"wp-block-heading text-h4\">Solution vapeur d\u00e9velopp\u00e9e ad hoc par Giconmes<\/h2>\n<\/div>\n\n\n\n<div class=\"wp-block-column is-vertically-aligned-center dnone-tablet is-layout-flow wp-block-column-is-layout-flow\" style=\"flex-basis:8.3%\"><\/div>\n<\/div>\n\n\n\n<div class=\"wp-block-group alignwide\"><div class=\"wp-block-group__inner-container is-layout-constrained wp-block-group-is-layout-constrained\">\n<div class=\"wp-block-columns alignwide has-body-main-color has-primary-20-background-color has-text-color has-background is-layout-flex wp-container-core-columns-is-layout-8 wp-block-columns-is-layout-flex\">\n<div class=\"wp-block-column is-vertically-aligned-top dnone-tablet is-layout-flow wp-block-column-is-layout-flow\" style=\"flex-basis:4.3%\"><\/div>\n\n\n\n<div class=\"wp-block-column is-vertically-aligned-top is-layout-flow wp-block-column-is-layout-flow\">\n<p class=\"has-medium-font-size\"><strong>Solution propos\u00e9e<\/strong><\/p>\n\n\n\n<ul class=\"wp-block-list\">\n<li><strong>Production modulaire de vapeur<\/strong><\/li>\n<\/ul>\n\n\n\n<p>Au lieu d&rsquo;une grande chaudi\u00e8re centrale, nous avons install\u00e9 un <strong>syst\u00e8me modulaire de 7 chaudi\u00e8res \u00e9lectriques <\/strong>mont\u00e9es sur patins de diff\u00e9rentes capacit\u00e9s, chacune avec son propre r\u00e9servoir de condensat et son propre r\u00e9servoir de purge.<\/p>\n\n\n\n<p><span style=\"text-decoration: underline;\">Salle 1<\/span>:<\/p>\n\n\n\n<p>1 \u00d7 PATIN NGV6060<\/p>\n\n\n\n<p>1 \u00d7 PATIN NGV60120<\/p>\n\n\n\n<p>1 \u00d7 PATIN NGV60180<\/p>\n\n\n\n<p><span style=\"text-decoration: underline;\">Salle 2<\/span>:<\/p>\n\n\n\n<p>1 \u00d7 PATIN NGV6060<\/p>\n\n\n\n<p>3 \u00d7 PATIN NGV60180<\/p>\n\n\n\n<p>Cette configuration permet de couvrir la forte demande de vapeur, mais de mani\u00e8re flexible et redondante, en veillant \u00e0 ce qu&rsquo;une d\u00e9faillance de la chaudi\u00e8re ne compromette pas l&rsquo;ensemble de la production.<\/p>\n\n\n\n<ul class=\"wp-block-list\">\n<li><strong>Traitement centralis\u00e9 de l&rsquo;eau<\/strong><\/li>\n<\/ul>\n\n\n\n<p>Nous installons un <strong>syst\u00e8me de d\u00e9calcification et de traitement de l&rsquo;eau <\/strong>dans chaque navire :<\/p>\n\n\n\n<ul class=\"wp-block-list\">\n<li>D\u00e9tartreur.<\/li>\n\n\n\n<li>R\u00e9servoir ABS de 3 000 litres.<\/li>\n\n\n\n<li>Nivostat.<\/li>\n<\/ul>\n\n\n\n<p>Ce syst\u00e8me garantit que la vapeur produite est de haute qualit\u00e9, ce qui \u00e9vite l&rsquo;entartrage et prolonge la dur\u00e9e de vie des chaudi\u00e8res.<\/p>\n\n\n\n<ul class=\"wp-block-list\">\n<li><strong>R\u00e9seau de distribution calorifug\u00e9<\/strong><\/li>\n<\/ul>\n\n\n\n<p>Nous avons r\u00e9alis\u00e9 l&rsquo;ensemble du r\u00e9seau de <strong>tuyaux en acier ST45<\/strong> de \u00bd <strong>\u00a0\u00bb BSP<\/strong>, avec une <strong>isolation thermique<\/strong> pour \u00e9viter les pertes de chaleur.<\/p>\n\n\n\n<p>Chaque ligne a \u00e9t\u00e9 compl\u00e9t\u00e9e par des <strong>\u00e9lectrovannes<\/strong> et des <strong>raccords<\/strong> sp\u00e9cifiques, garantissant une alimentation s\u00fbre et contr\u00f4l\u00e9e de chaque poste de travail (tables de repassage et mannequins).<\/p>\n\n\n\n<ul class=\"wp-block-list\">\n<li><strong>Flexibilit\u00e9 et \u00e9volutivit\u00e9<\/strong><\/li>\n<\/ul>\n\n\n\n<p>En tant qu&rsquo;installation <strong>modulaire et distribu\u00e9e<\/strong>, le client peut ajuster la production de vapeur en fonction de la charge de travail quotidienne.<\/p>\n\n\n\n<p>La conception permet \u00e9galement des extensions ou des reconfigurations futures de l&rsquo;usine sans avoir \u00e0 refaire l&rsquo;ensemble de l&rsquo;infrastructure.<\/p>\n\n\n\n<div style=\"height:32px\" aria-hidden=\"true\" class=\"wp-block-spacer\"><\/div>\n\n\n\n<p class=\"has-medium-font-size\"><strong>Technologie utilis\u00e9e<\/strong><\/p>\n\n\n\n<ul class=\"wp-block-list is-style-arrow-list\">\n<li>2 \u00d7 <a href=\"https:\/\/giconmes.es\/fr\/generateurs-de-vapeur\/generateurs-de-vapeur-statique\/generateur-de-vapeur-ngv-60\/\">NGV6060<\/a> SKID<\/li>\n\n\n\n<li>1 \u00d7 PATIN <a href=\"https:\/\/giconmes.es\/fr\/generateurs-de-vapeur\/generateurs-de-vapeur-statique\/generateur-de-vapeur-ngv-60120\/\">NGV60120<\/a> <\/li>\n\n\n\n<li>4 \u00d7 <a href=\"https:\/\/giconmes.es\/fr\/generateurs-de-vapeur\/generateurs-de-vapeur-statique\/generateur-de-vapeur-ngv-60180\/\">NGV60180<\/a> SKID<\/li>\n\n\n\n<li>Adoucisseur d&rsquo;eau<\/li>\n\n\n\n<li>R\u00e9servoir ABS de 3 000 litres<\/li>\n\n\n\n<li>Nivostat<\/li>\n\n\n\n<li>R\u00e9seau de tuyaux en acier ST45 de \u00bd\u00a0\u00bb BSP, isol\u00e9 thermiquement pour \u00e9viter les pertes de chaleur<\/li>\n\n\n\n<li>\u00c9lectrovannes et raccords sp\u00e9cifiques<\/li>\n<\/ul>\n<\/div>\n\n\n\n<div class=\"wp-block-column is-vertically-aligned-stretch dnone-tablet is-layout-flow wp-block-column-is-layout-flow\" style=\"flex-basis:4.3%\"><\/div>\n\n\n\n<div class=\"wp-block-column is-vertically-aligned-center is-layout-flow wp-block-column-is-layout-flow\">\n<div class=\"wp-block-columns alignfull is-layout-flex wp-container-core-columns-is-layout-7 wp-block-columns-is-layout-flex\">\n<div class=\"wp-block-column is-vertically-aligned-top is-layout-flow wp-block-column-is-layout-flow\" style=\"flex-basis:100%\">\n<div class=\"wp-block-group\"><div class=\"wp-block-group__inner-container is-layout-constrained wp-block-group-is-layout-constrained\">\n<div class=\"wp-block-columns is-layout-flex wp-container-core-columns-is-layout-6 wp-block-columns-is-layout-flex\">\n<div class=\"wp-block-column is-layout-flow wp-block-column-is-layout-flow\" style=\"flex-basis:100%\">\n<figure class=\"wp-block-gallery has-nested-images columns-1 wp-block-gallery-2 is-layout-flex wp-block-gallery-is-layout-flex\">\n<figure class=\"wp-block-image size-full\"><a href=\"https:\/\/giconmes.es\/wp-content\/uploads\/2025\/08\/instalacion-red-vapor-fabrica-textil-05.webp\" data-lbwps-width=\"1280\" data-lbwps-height=\"622\" data-lbwps-srcsmall=\"https:\/\/giconmes.es\/wp-content\/uploads\/2025\/08\/instalacion-red-vapor-fabrica-textil-05-300x146.webp\"><img loading=\"lazy\" decoding=\"async\" width=\"1280\" height=\"622\" src=\"https:\/\/giconmes.es\/wp-content\/uploads\/2025\/08\/instalacion-red-vapor-fabrica-textil-05.webp\" alt=\"Installation d&#039;un r&#xE9;seau de vapeur dans une usine textile\" class=\"wp-image-16810\" title=\"Generadores de vapor industrial Giconmes\" srcset=\"https:\/\/giconmes.es\/wp-content\/uploads\/2025\/08\/instalacion-red-vapor-fabrica-textil-05.webp 1280w, https:\/\/giconmes.es\/wp-content\/uploads\/2025\/08\/instalacion-red-vapor-fabrica-textil-05-300x146.webp 300w, https:\/\/giconmes.es\/wp-content\/uploads\/2025\/08\/instalacion-red-vapor-fabrica-textil-05-1024x498.webp 1024w, https:\/\/giconmes.es\/wp-content\/uploads\/2025\/08\/instalacion-red-vapor-fabrica-textil-05-768x373.webp 768w\" sizes=\"auto, (max-width: 1280px) 100vw, 1280px\" \/><\/a><\/figure>\n\n\n\n<figure class=\"wp-block-image size-full\"><img loading=\"lazy\" decoding=\"async\" width=\"1280\" height=\"718\" src=\"https:\/\/giconmes.es\/wp-content\/uploads\/2025\/08\/instalacion-red-vapor-fabrica-textil.webp\" alt=\"Installation d&#039;un r&#xE9;seau de vapeur dans une usine textile\" class=\"wp-image-16814\" title=\"Generadores de vapor industrial Giconmes\" srcset=\"https:\/\/giconmes.es\/wp-content\/uploads\/2025\/08\/instalacion-red-vapor-fabrica-textil.webp 1280w, https:\/\/giconmes.es\/wp-content\/uploads\/2025\/08\/instalacion-red-vapor-fabrica-textil-300x168.webp 300w, https:\/\/giconmes.es\/wp-content\/uploads\/2025\/08\/instalacion-red-vapor-fabrica-textil-1024x574.webp 1024w, https:\/\/giconmes.es\/wp-content\/uploads\/2025\/08\/instalacion-red-vapor-fabrica-textil-768x431.webp 768w\" sizes=\"auto, (max-width: 1280px) 100vw, 1280px\" \/><\/figure>\n\n\n\n<figure class=\"wp-block-image size-full\"><img loading=\"lazy\" decoding=\"async\" width=\"1280\" height=\"622\" src=\"https:\/\/giconmes.es\/wp-content\/uploads\/2025\/08\/instalacion-red-vapor-fabrica-textil-02.webp\" alt=\"Installation d&#039;un r&#xE9;seau de vapeur dans une usine textile\" class=\"wp-image-16818\" title=\"Generadores de vapor industrial Giconmes\" srcset=\"https:\/\/giconmes.es\/wp-content\/uploads\/2025\/08\/instalacion-red-vapor-fabrica-textil-02.webp 1280w, https:\/\/giconmes.es\/wp-content\/uploads\/2025\/08\/instalacion-red-vapor-fabrica-textil-02-300x146.webp 300w, https:\/\/giconmes.es\/wp-content\/uploads\/2025\/08\/instalacion-red-vapor-fabrica-textil-02-1024x498.webp 1024w, https:\/\/giconmes.es\/wp-content\/uploads\/2025\/08\/instalacion-red-vapor-fabrica-textil-02-768x373.webp 768w\" sizes=\"auto, (max-width: 1280px) 100vw, 1280px\" \/><\/figure>\n\n\n\n<figure class=\"wp-block-image size-full\"><img loading=\"lazy\" decoding=\"async\" width=\"1243\" height=\"2560\" src=\"https:\/\/giconmes.es\/wp-content\/uploads\/2025\/08\/instalacion-red-vapor-fabrica-textil-03-scaled.webp\" alt=\"Installation d&#039;un r&#xE9;seau de vapeur dans une usine textile\" class=\"wp-image-16822\" title=\"Generadores de vapor industrial Giconmes\" srcset=\"https:\/\/giconmes.es\/wp-content\/uploads\/2025\/08\/instalacion-red-vapor-fabrica-textil-03-scaled.webp 1243w, https:\/\/giconmes.es\/wp-content\/uploads\/2025\/08\/instalacion-red-vapor-fabrica-textil-03-146x300.webp 146w, https:\/\/giconmes.es\/wp-content\/uploads\/2025\/08\/instalacion-red-vapor-fabrica-textil-03-497x1024.webp 497w, https:\/\/giconmes.es\/wp-content\/uploads\/2025\/08\/instalacion-red-vapor-fabrica-textil-03-768x1582.webp 768w, https:\/\/giconmes.es\/wp-content\/uploads\/2025\/08\/instalacion-red-vapor-fabrica-textil-03-746x1536.webp 746w, https:\/\/giconmes.es\/wp-content\/uploads\/2025\/08\/instalacion-red-vapor-fabrica-textil-03-994x2048.webp 994w\" sizes=\"auto, (max-width: 1243px) 100vw, 1243px\" \/><\/figure>\n\n\n\n<figure class=\"wp-block-image size-full\"><img loading=\"lazy\" decoding=\"async\" width=\"1243\" height=\"2560\" src=\"https:\/\/giconmes.es\/wp-content\/uploads\/2025\/08\/instalacion-red-vapor-fabrica-textil-04-scaled.webp\" alt=\"Installation d&#039;un r&#xE9;seau de vapeur dans une usine textile\" class=\"wp-image-16826\" title=\"Generadores de vapor industrial Giconmes\" srcset=\"https:\/\/giconmes.es\/wp-content\/uploads\/2025\/08\/instalacion-red-vapor-fabrica-textil-04-scaled.webp 1243w, https:\/\/giconmes.es\/wp-content\/uploads\/2025\/08\/instalacion-red-vapor-fabrica-textil-04-146x300.webp 146w, https:\/\/giconmes.es\/wp-content\/uploads\/2025\/08\/instalacion-red-vapor-fabrica-textil-04-497x1024.webp 497w, https:\/\/giconmes.es\/wp-content\/uploads\/2025\/08\/instalacion-red-vapor-fabrica-textil-04-768x1582.webp 768w, https:\/\/giconmes.es\/wp-content\/uploads\/2025\/08\/instalacion-red-vapor-fabrica-textil-04-746x1536.webp 746w, https:\/\/giconmes.es\/wp-content\/uploads\/2025\/08\/instalacion-red-vapor-fabrica-textil-04-994x2048.webp 994w\" sizes=\"auto, (max-width: 1243px) 100vw, 1243px\" \/><\/figure>\n\n\n\n<figure class=\"wp-block-image size-full\"><img loading=\"lazy\" decoding=\"async\" width=\"1280\" height=\"622\" src=\"https:\/\/giconmes.es\/wp-content\/uploads\/2025\/08\/instalacion-red-vapor-fabrica-textil-06.webp\" alt=\"Installation d&#039;un r&#xE9;seau de vapeur dans une usine textile\" class=\"wp-image-16830\" title=\"Generadores de vapor industrial Giconmes\" srcset=\"https:\/\/giconmes.es\/wp-content\/uploads\/2025\/08\/instalacion-red-vapor-fabrica-textil-06.webp 1280w, https:\/\/giconmes.es\/wp-content\/uploads\/2025\/08\/instalacion-red-vapor-fabrica-textil-06-300x146.webp 300w, https:\/\/giconmes.es\/wp-content\/uploads\/2025\/08\/instalacion-red-vapor-fabrica-textil-06-1024x498.webp 1024w, https:\/\/giconmes.es\/wp-content\/uploads\/2025\/08\/instalacion-red-vapor-fabrica-textil-06-768x373.webp 768w\" sizes=\"auto, (max-width: 1280px) 100vw, 1280px\" \/><\/figure>\n<\/figure>\n<\/div>\n<\/div>\n<\/div><\/div>\n<\/div>\n<\/div>\n<\/div>\n<\/div>\n<\/div><\/div>\n\n\n\n<div style=\"height:72px\" aria-hidden=\"true\" class=\"wp-block-spacer\"><\/div>\n\n\n\n<div class=\"wp-block-columns is-layout-flex wp-container-core-columns-is-layout-9 wp-block-columns-is-layout-flex\">\n<div class=\"wp-block-column is-layout-flow wp-block-column-is-layout-flow\">\n<p class=\"has-text-align-center text-h6\">D\u00c9FIS<\/p>\n\n\n\n<h2 class=\"wp-block-heading has-text-align-center text-h4\">Nous r\u00e9pondons aux exigences des clients<\/h2>\n\n\n\n<div style=\"height:32px\" aria-hidden=\"true\" class=\"wp-block-spacer\"><\/div>\n<\/div>\n<\/div>\n\n\n\n<p class=\"has-text-align-center\">La mise en \u0153uvre du syst\u00e8me de production et de distribution de vapeur \u00e9lectrique con\u00e7u pour l&rsquo;usine textile en \u00c9thiopie a entra\u00een\u00e9 des am\u00e9liorations op\u00e9rationnelles et \u00e9conomiques significatives :<\/p>\n\n\n\n<div class=\"wp-block-columns is-layout-flex wp-container-core-columns-is-layout-10 wp-block-columns-is-layout-flex\">\n<div class=\"wp-block-column is-layout-flow wp-block-column-is-layout-flow\"><div class=\"wp-block-image\">\n<figure class=\"aligncenter size-large is-resized\"><img decoding=\"async\" src=\"https:\/\/giconmes.es\/wp-content\/uploads\/2023\/03\/generacion-vapor.svg\" alt=\". Generadores de vapor industrial Giconmes\" class=\"wp-image-1889\" style=\"width:56px;height:56px\" title=\"Generadores de vapor industrial Giconmes\"><\/figure><\/div>\n\n\n<p class=\"has-text-align-center\"><strong>Optimisation de la production et r\u00e9duction des risques op\u00e9rationnels<\/strong>: l&rsquo;installation modulaire des g\u00e9n\u00e9rateurs de vapeur \u00e9lectriques \u00e9vite de d\u00e9pendre d&rsquo;une seule chaudi\u00e8re centrale. Cela r\u00e9duit le risque d&rsquo;arr\u00eat total de la production en cas de d\u00e9faillance technique et assure une plus grande continuit\u00e9 op\u00e9rationnelle. <\/p>\n<\/div>\n\n\n\n<div class=\"wp-block-column is-layout-flow wp-block-column-is-layout-flow\"><div class=\"wp-block-image\">\n<figure class=\"aligncenter size-large is-resized\"><img decoding=\"async\" src=\"https:\/\/giconmes.es\/wp-content\/uploads\/2023\/03\/presion.svg\" alt=\". Generadores de vapor industrial Giconmes\" class=\"wp-image-1886\" style=\"width:56px;height:56px\" title=\"Generadores de vapor industrial Giconmes\"><\/figure><\/div>\n\n\n<p class=\"has-text-align-center\"><strong>Flexibilit\u00e9 et \u00e9volutivit\u00e9<\/strong>: le syst\u00e8me permet d&rsquo;adapter la consommation de vapeur \u00e0 la charge de travail r\u00e9elle et d&rsquo;augmenter la capacit\u00e9 au fur et \u00e0 mesure de l&rsquo;ajout de nouvelles lignes de production ou de nouveaux \u00e9quipements, sans qu&rsquo;il soit n\u00e9cessaire de refaire l&rsquo;ensemble de l&rsquo;installation.<\/p>\n<\/div>\n\n\n\n<div class=\"wp-block-column is-layout-flow wp-block-column-is-layout-flow\"><div class=\"wp-block-image\">\n<figure class=\"aligncenter size-large is-resized\"><img loading=\"lazy\" decoding=\"async\" width=\"24\" height=\"24\" src=\"https:\/\/giconmes.es\/wp-content\/uploads\/2023\/01\/sliders.svg\" alt=\". Generadores de vapor industrial Giconmes\" class=\"wp-image-402\" style=\"width:56px;height:56px\" title=\"Generadores de vapor industrial Giconmes\"><\/figure><\/div>\n\n\n<p class=\"has-text-align-center\"><strong>R\u00e9duction des co\u00fbts de maintenance<\/strong>: le remplacement d&rsquo;une grande chaudi\u00e8re par des g\u00e9n\u00e9rateurs \u00e9lectriques distribu\u00e9s permet de minimiser les temps d&rsquo;arr\u00eat pour maintenance. Cela r\u00e9duit les co\u00fbts associ\u00e9s et garantit que les incidents techniques n&rsquo;affectent pas l&rsquo;ensemble de l&rsquo;usine simultan\u00e9ment. <\/p>\n<\/div>\n\n\n\n<div class=\"wp-block-column is-layout-flow wp-block-column-is-layout-flow\"><div class=\"wp-block-image\">\n<figure class=\"aligncenter size-large is-resized\"><img loading=\"lazy\" decoding=\"async\" width=\"33\" height=\"33\" src=\"https:\/\/giconmes.es\/wp-content\/uploads\/2023\/02\/water.svg\" alt=\". Generadores de vapor industrial Giconmes\" class=\"wp-image-614\" style=\"width:56px;height:56px\" title=\"Generadores de vapor industrial Giconmes\"><\/figure><\/div>\n\n\n<p class=\"has-text-align-center\"><strong>Durabilit\u00e9 et \u00e9lectrification totale<\/strong>: le syst\u00e8me fonctionne \u00e0 100 % \u00e0 l&rsquo;\u00e9lectricit\u00e9, ce qui \u00e9limine le recours aux combustibles fossiles (gaz ou diesel). Cela se traduit par une r\u00e9duction des \u00e9missions, un alignement sur la strat\u00e9gie de d\u00e9veloppement durable du groupe textile et une meilleure empreinte environnementale. <\/p>\n<\/div>\n<\/div>\n<\/div><\/div>\n\n<div class=\"wp-block-cover is-light\"><span aria-hidden=\"true\" class=\"wp-block-cover__background has-primary-100-background-color has-background-dim\"><\/span><img loading=\"lazy\" decoding=\"async\" width=\"1216\" height=\"464\" class=\"wp-block-cover__image-background wp-image-459\" alt=\". Generadores de vapor industrial Giconmes\" src=\"https:\/\/giconmes.es\/wp-content\/uploads\/2023\/01\/CTA-3.jpg\" data-object-fit=\"cover\" title=\"Generadores de vapor industrial Giconmes\" srcset=\"https:\/\/giconmes.es\/wp-content\/uploads\/2023\/01\/CTA-3.jpg 1216w, https:\/\/giconmes.es\/wp-content\/uploads\/2023\/01\/CTA-3-300x114.jpg 300w, https:\/\/giconmes.es\/wp-content\/uploads\/2023\/01\/CTA-3-1024x391.jpg 1024w, https:\/\/giconmes.es\/wp-content\/uploads\/2023\/01\/CTA-3-768x293.jpg 768w\" sizes=\"auto, (max-width: 1216px) 100vw, 1216px\" \/><div class=\"wp-block-cover__inner-container is-layout-flow wp-block-cover-is-layout-flow\">\n<div style=\"height:64px\" aria-hidden=\"true\" class=\"wp-block-spacer\"><\/div>\n\n\n\n<div class=\"wp-block-columns is-layout-flex wp-container-core-columns-is-layout-11 wp-block-columns-is-layout-flex\">\n<div class=\"wp-block-column dnone-tablet is-layout-flow wp-block-column-is-layout-flow\" style=\"flex-basis:16.7%\"><\/div>\n\n\n\n<div class=\"wp-block-column is-layout-flow wp-block-column-is-layout-flow\">\n<p class=\"has-text-align-center text-h3 has-body-white-color has-text-color has-large-font-size\">Vous avez besoin d&rsquo;une solution personnalis\u00e9e ?<\/p>\n\n\n\n<p class=\"has-text-align-center text-h5 has-body-white-color has-text-color\">Nous vous aidons \u00e0 d\u00e9finir le type d&rsquo;installation dont vous avez besoin<\/p>\n\n\n\n<div style=\"height:56px\" aria-hidden=\"true\" class=\"wp-block-spacer\"><\/div>\n\n\n\n<div class=\"wp-block-buttons is-content-justification-center is-layout-flex wp-container-core-buttons-is-layout-2 wp-block-buttons-is-layout-flex\">\n<div class=\"wp-block-button\"><a class=\"wp-block-button__link has-primary-background-color has-background wp-element-button\" href=\"tel:+34976500108\">APPELEZ-NOUS<\/a><\/div>\n\n\n\n<div class=\"wp-block-button\"><a class=\"wp-block-button__link has-secondary-background-color has-background wp-element-button\" href=\"https:\/\/giconmes.es\/fr\/contact\/\">CONTACTEZ-NOUS<\/a><\/div>\n\n\n\n<div class=\"wp-block-button is-style-outline is-style-outline--3\"><a class=\"wp-block-button__link has-body-white-color has-text-color wp-element-button\" href=\"https:\/\/giconmes.es\/fr\/ingenierie\/faq\/\">FAQS<\/a><\/div>\n<\/div>\n<\/div>\n\n\n\n<div class=\"wp-block-column dnone-tablet is-layout-flow wp-block-column-is-layout-flow\" style=\"flex-basis:16.7%\"><\/div>\n<\/div>\n\n\n\n<div style=\"height:64px\" aria-hidden=\"true\" class=\"wp-block-spacer\"><\/div>\n<\/div><\/div>\n\n<div class=\"wp-block-columns has-bg-40-background-color has-background is-layout-flex wp-container-core-columns-is-layout-13 wp-block-columns-is-layout-flex\">\n<div class=\"wp-block-column dnone-tablet is-layout-flow wp-block-column-is-layout-flow\" style=\"flex-basis:8.33%\"><\/div>\n\n\n\n<div class=\"wp-block-column is-layout-flow wp-block-column-is-layout-flow\">\n\n<div id=\"faqs--block_9590f21a9e7ec7f7e0ae5072c0998b2b\" class=\"faqs-block mb-6\">\n        \n    <button class=\"faqs-btn\">\n        <span>\n            <div class=\"screen-reader-text\">Open<\/div>\n        <\/span>\n        Quelles sont les \u00e9missions produites par une chaudi\u00e8re \u00e9lectrique ?    <\/button>\n\n    <div class=\"faqs-content\">\n        <div class=\"mt-1 mb-2\"><p class=\"p1\">Il n&rsquo;y a pas d&rsquo;\u00e9missions polluantes autres que celles produites dans le processus de production d&rsquo;\u00e9lectricit\u00e9, de sorte qu&rsquo;elles peuvent devenir neutres en fonction du mix \u00e9lectrique. Les chaudi\u00e8res \u00e9lectriques \u00e0 vapeur sont le pr\u00e9sent et l&rsquo;avenir. <\/p>\n<\/div>\n    <\/div>\n\n        \n    <button class=\"faqs-btn\">\n        <span>\n            <div class=\"screen-reader-text\">Open<\/div>\n        <\/span>\n        Est-il possible d&rsquo;automatiser le fonctionnement d&rsquo;un g\u00e9n\u00e9rateur de vapeur et de le contr\u00f4ler \u00e0 distance ?     <\/button>\n\n    <div class=\"faqs-content\">\n        <div class=\"mt-1 mb-2\"><p class=\"p1\">Parfaitement. Elle est m\u00eame recommand\u00e9e pour une efficacit\u00e9 maximale. Il n&rsquo;y a pas de probl\u00e8me de t\u00e9l\u00e9commande tant que la r\u00e9glementation en vigueur est respect\u00e9e.  <\/p>\n<\/div>\n    <\/div>\n\n        \n    <button class=\"faqs-btn\">\n        <span>\n            <div class=\"screen-reader-text\">Open<\/div>\n        <\/span>\n        Quel est l&rsquo;entretien d&rsquo;un g\u00e9n\u00e9rateur de vapeur \u00e9lectrique ?    <\/button>\n\n    <div class=\"faqs-content\">\n        <div class=\"mt-1 mb-2\"><p class=\"p1\">Un g\u00e9n\u00e9rateur de vapeur est un \u00e9quipement sous pression qui, avec le r\u00e9seau de tuyauterie concern\u00e9, est soumis \u00e0 un contr\u00f4le r\u00e9glementaire et \u00e0 des instructions techniques compl\u00e9mentaires, conform\u00e9ment au r\u00e8glement publi\u00e9 dans le d\u00e9cret royal 809\/2021, du 21 septembre. Son entretien est divis\u00e9 en une partie de conformit\u00e9 simple par le propri\u00e9taire : <\/p>\n<ol>\n<li class=\"p1\">Conna\u00eetre et appliquer les instructions d&rsquo;utilisation, les moyens de s\u00e9curit\u00e9 et l&rsquo;entretien du fabricant.<\/li>\n<li class=\"p1\">Ne pas mettre en service l&rsquo;installation ou emp\u00eacher le fonctionnement de l&rsquo;\u00e9quipement sous pression si les exigences du r\u00e8glement ne sont pas respect\u00e9es.<\/li>\n<li class=\"p1\">Disposer au moins de la documentation suivante pour l&rsquo;\u00e9quipement sous pression lorsqu&rsquo;il est install\u00e9 : d\u00e9claration de conformit\u00e9, le cas \u00e9ch\u00e9ant, instructions du fabricant et, le cas \u00e9ch\u00e9ant, certificat d&rsquo;installation, ainsi que d&rsquo;autres documents justificatifs (le cas \u00e9ch\u00e9ant, projet d&rsquo;installation, rapport de la derni\u00e8re inspection p\u00e9riodique, certificats de r\u00e9paration ou de modification de l&rsquo;\u00e9quipement, ainsi que tout autre document requis par l&rsquo;instruction technique compl\u00e9mentaire (ITC) correspondante du pr\u00e9sent r\u00e8glement). Pour le contenu, voir l&rsquo;annexe IV du r\u00e8glement. Cette documentation est \u00e0 la disposition de l&rsquo;organisme comp\u00e9tent de la communaut\u00e9 autonome et des entreprises qui effectuent l&rsquo;entretien, les r\u00e9parations ou les contr\u00f4les p\u00e9riodiques.<\/li>\n<li class=\"p1\">Utilisez l&rsquo;\u00e9quipement sous pression dans les limites de fonctionnement sp\u00e9cifi\u00e9es par le fabricant et mettez-le hors service s&rsquo;il ne r\u00e9pond plus aux exigences de s\u00e9curit\u00e9 n\u00e9cessaires.<\/li>\n<li class=\"p1\">Entretenir les installations, les \u00e9quipements sous pression, les accessoires de s\u00e9curit\u00e9 et les dispositifs de contr\u00f4le conform\u00e9ment aux conditions d&rsquo;exploitation et aux instructions du fabricant et <b>les inspecter au moins une fois par an <\/b>.  <\/li>\n<li class=\"p1\">Ordonner des contr\u00f4les p\u00e9riodiques conform\u00e9ment aux dispositions de l&rsquo;article 6 du r\u00e8glement.<\/li>\n<li class=\"p1\">Disposer et tenir \u00e0 jour un registre des \u00e9quipements sous pression des cat\u00e9gories I \u00e0 IV, du RD 709\/2015, du 24 juillet, ou assimil\u00e9s \u00e0 ces cat\u00e9gories conform\u00e9ment \u00e0 l&rsquo;article 3.2 du r\u00e8glement, ainsi que de leurs installations.<\/li>\n<\/ol>\n<\/div>\n    <\/div>\n\n        \n    <button class=\"faqs-btn\">\n        <span>\n            <div class=\"screen-reader-text\">Open<\/div>\n        <\/span>\n        \u00c0 quelle temp\u00e9rature la vapeur est-elle produite ? Peut-on la contr\u00f4ler et la faire varier en fonction des besoins ?     <\/button>\n\n    <div class=\"faqs-content\">\n        <div class=\"mt-1 mb-2\"><p class=\"p1\">Il est bien connu qu&rsquo;en appliquant une source de chaleur \u00e0 l&rsquo;eau, celle-ci se transforme en vapeur \u00e0 partir du point d&rsquo;\u00e9bullition et \u00e0 la pression atmosph\u00e9rique. \u00c0 partir de ce point, en fonction du degr\u00e9 de saturation de la vapeur requis pour son application correcte, nous devrons augmenter la pression afin d&rsquo;obtenir une temp\u00e9rature plus \u00e9lev\u00e9e. Pour modifier la temp\u00e9rature et le degr\u00e9 de saturation de la vapeur, il faut toujours modifier la pression.  <\/p>\n<\/div>\n    <\/div>\n\n        \n    <button class=\"faqs-btn\">\n        <span>\n            <div class=\"screen-reader-text\">Open<\/div>\n        <\/span>\n        Qu&rsquo;est-ce qu&rsquo;une barre en thermodynamique ?    <\/button>\n\n    <div class=\"faqs-content\">\n        <div class=\"mt-1 mb-2\"><p class=\"p1\">Il s&rsquo;agit d&rsquo;une unit\u00e9 de pression \u00e9quivalente \u00e0 1Kg\/cm2, 0,98 atmosph\u00e8re ou 14,50 PSI.<\/p>\n<\/div>\n    <\/div>\n\n    <\/div>\n\n<script>\nvar acc = document.querySelectorAll( \"#faqs--block_9590f21a9e7ec7f7e0ae5072c0998b2b .faqs-btn\");\nvar i;\n\nfor (i = 0; i < acc.length; i++) {\n    acc[i].addEventListener(\"click\", function() {\n        this.classList.toggle(\"active\");\n        var panel = this.nextElementSibling;\n        if (panel.style.maxHeight) {\n            panel.style.maxHeight = null;\n        } else {\n            panel.style.maxHeight = panel.scrollHeight + \"px\";\n        }\n    });\n}\n<\/script>\n\n\n<div style=\"height:56px\" aria-hidden=\"true\" class=\"wp-block-spacer\"><\/div>\n\n\n\n<div class=\"wp-block-columns is-layout-flex wp-container-core-columns-is-layout-12 wp-block-columns-is-layout-flex\">\n<div class=\"wp-block-column is-layout-flow wp-block-column-is-layout-flow\">\n<p class=\"text-h3 has-body-medium-color has-text-color\">Vous n'avez pas trouv\u00e9 les r\u00e9ponses \u00e0 vos questions ?<\/p>\n\n\n\n<p>Envoyez-nous une demande de renseignements ou t\u00e9l\u00e9chargez toutes les informations<\/p>\n<\/div>\n\n\n\n<div class=\"wp-block-column is-layout-flow wp-block-column-is-layout-flow\">\n<div class=\"wp-block-contact-form-7-contact-form-selector\">\n<div class=\"wpcf7 no-js\" id=\"wpcf7-f10369-o1\" lang=\"fr-FR\" dir=\"ltr\" data-wpcf7-id=\"10369\">\n<div class=\"screen-reader-response\"><p role=\"status\" aria-live=\"polite\" aria-atomic=\"true\"><\/p> <ul><\/ul><\/div>\n<form action=\"\/fr\/wp-json\/wp\/v2\/stories\/16839#wpcf7-f10369-o1\" method=\"post\" class=\"wpcf7-form init\" aria-label=\"Formulaire de contact\" novalidate=\"novalidate\" data-status=\"init\">\n<fieldset class=\"hidden-fields-container\"><input type=\"hidden\" name=\"_wpcf7\" value=\"10369\" \/><input type=\"hidden\" name=\"_wpcf7_version\" value=\"6.1.5\" \/><input type=\"hidden\" name=\"_wpcf7_locale\" value=\"fr_FR\" \/><input type=\"hidden\" name=\"_wpcf7_unit_tag\" value=\"wpcf7-f10369-o1\" \/><input type=\"hidden\" name=\"_wpcf7_container_post\" value=\"0\" \/><input type=\"hidden\" name=\"_wpcf7_posted_data_hash\" value=\"\" \/><input type=\"hidden\" name=\"_wpcf7_recaptcha_response\" value=\"\" \/>\n<\/fieldset>\n<p><label> Nom <span class=\"wpcf7-form-control-wrap\" data-name=\"your-name\"><input size=\"40\" maxlength=\"400\" class=\"wpcf7-form-control wpcf7-text wpcf7-validates-as-required\" autocomplete=\"name\" aria-required=\"true\" aria-invalid=\"false\" value=\"\" type=\"text\" name=\"your-name\" \/><\/span> <\/label>\n<\/p>\n<p><label> Courriel <span class=\"wpcf7-form-control-wrap\" data-name=\"your-email\"><input size=\"40\" maxlength=\"400\" class=\"wpcf7-form-control wpcf7-email wpcf7-validates-as-required wpcf7-text wpcf7-validates-as-email\" autocomplete=\"email\" aria-required=\"true\" aria-invalid=\"false\" value=\"\" type=\"email\" name=\"your-email\" \/><\/span> <\/label>\n<\/p>\n<p><label> Message (facultatif) <span class=\"wpcf7-form-control-wrap\" data-name=\"your-message\"><textarea cols=\"40\" rows=\"4\" maxlength=\"2000\" class=\"wpcf7-form-control wpcf7-textarea\" aria-invalid=\"false\" name=\"your-message\"><\/textarea><\/span> <\/label>\n<\/p>\n<p><span class=\"wpcf7-form-control-wrap\" data-name=\"acceptance-320\"><span class=\"wpcf7-form-control wpcf7-acceptance\"><span class=\"wpcf7-list-item\"><label><input type=\"checkbox\" name=\"acceptance-320\" value=\"1\" aria-invalid=\"false\" \/><span class=\"wpcf7-list-item-label\">J'ai lu et j'accepte la <a href=\"\">politique de confidentialit\u00e9<\/a><\/span><\/label><\/span><\/span><\/span>\n<\/p>\n<p><input class=\"wpcf7-form-control wpcf7-submit has-spinner\" type=\"submit\" value=\"Envoyer\" \/>\n<\/p><p style=\"display: none !important;\" class=\"akismet-fields-container\" data-prefix=\"_wpcf7_ak_\"><label>&#916;<textarea name=\"_wpcf7_ak_hp_textarea\" cols=\"45\" rows=\"8\" maxlength=\"100\"><\/textarea><\/label><input type=\"hidden\" id=\"ak_js_1\" name=\"_wpcf7_ak_js\" value=\"159\"\/><script>\ndocument.getElementById( \"ak_js_1\" ).setAttribute( \"value\", ( new Date() ).getTime() );\n<\/script>\n<\/p><div class=\"wpcf7-response-output\" aria-hidden=\"true\"><\/div>\n<\/form>\n<\/div>\n<\/div>\n<\/div>\n<\/div>\n<\/div>\n\n\n\n<div class=\"wp-block-column dnone-tablet is-layout-flow wp-block-column-is-layout-flow\" style=\"flex-basis:8.33%\"><\/div>\n<\/div>\n\n<div class=\"wp-block-columns mb-0 is-layout-flex wp-container-core-columns-is-layout-14 wp-block-columns-is-layout-flex\">\n<div class=\"wp-block-column is-layout-flow wp-block-column-is-layout-flow\" style=\"flex-basis:58.3%\">\n<div style=\"height:112px\" aria-hidden=\"true\" class=\"wp-block-spacer\"><\/div>\n\n\n\n<h2 class=\"wp-block-heading text-h6\">UTILISATIONS DE LA VAPEUR DANS L'INDUSTRIE ET D'AUTRES ENTREPRISES<\/h2>\n\n\n\n<div style=\"height:16px\" aria-hidden=\"true\" class=\"wp-block-spacer\"><\/div>\n\n\n\n<p class=\"text-h2\">Autres r\u00e9ussites similaires avec l'utilisation de la vapeur<\/p>\n<\/div>\n\n\n\n<div class=\"wp-block-column dnone-tablet is-layout-flow wp-block-column-is-layout-flow\" style=\"flex-basis:8.3%\">\n<figure class=\"wp-block-image size-full\"><img loading=\"lazy\" decoding=\"async\" width=\"9\" height=\"544\" src=\"https:\/\/giconmes.es\/wp-content\/uploads\/2023\/02\/LINE.png\" alt=\". Generadores de vapor industrial Giconmes\" class=\"wp-image-255\" title=\"Generadores de vapor industrial Giconmes\"><\/figure>\n<\/div>\n\n\n\n<div class=\"wp-block-column is-layout-flow wp-block-column-is-layout-flow\" style=\"flex-basis:33.33%\">\n<div style=\"height:160px\" aria-hidden=\"true\" class=\"wp-block-spacer dnone-mobile\"><\/div>\n\n\n\n<p><strong><strong>L'utilisation de la vapeur gagne en popularit\u00e9 dans diverses industries en raison de son efficacit\u00e9 et de ses avantages pour l'environnement.<\/strong><\/strong>.<\/p>\n\n\n\n<p>Dans notre section \"Success stories\", vous pouvez en savoir plus sur les entreprises qui ont adopt\u00e9 cette technologie et obtenu des r\u00e9sultats probants en termes d'efficacit\u00e9 et de durabilit\u00e9. Cliquez sur les exemples de r\u00e9ussite pour en savoir plus. <\/p>\n<\/div>\n<\/div>\n\n<div class=\"wp-block-columns is-layout-flex wp-container-core-columns-is-layout-15 wp-block-columns-is-layout-flex\">\n<div class=\"wp-block-column is-layout-flow wp-block-column-is-layout-flow\">        <div class=\"card-block\">\n            \n            <div class=\"card-img\">\n                <img loading=\"lazy\" decoding=\"async\" width=\"1280\" height=\"960\" src=\"https:\/\/giconmes.es\/wp-content\/uploads\/2025\/07\/automatizacion-higienizacion-torres-enfriamiento.webp\" class=\"attachment-post-thumbnail size-post-thumbnail wp-post-image\" alt=\"Automatizaci\u00f3n de la higienizaci\u00f3n en torres de enfriamiento\" srcset=\"https:\/\/giconmes.es\/wp-content\/uploads\/2025\/07\/automatizacion-higienizacion-torres-enfriamiento.webp 1280w, https:\/\/giconmes.es\/wp-content\/uploads\/2025\/07\/automatizacion-higienizacion-torres-enfriamiento-300x225.webp 300w, https:\/\/giconmes.es\/wp-content\/uploads\/2025\/07\/automatizacion-higienizacion-torres-enfriamiento-1024x768.webp 1024w, https:\/\/giconmes.es\/wp-content\/uploads\/2025\/07\/automatizacion-higienizacion-torres-enfriamiento-768x576.webp 768w\" sizes=\"auto, (max-width: 1280px) 100vw, 1280px\" title=\"Generadores de vapor industrial Giconmes\">            <\/div>\n            \n            <div class=\"card-title\">\n                <h2 class=\"text-h4\"><a href=\"https:\/\/giconmes.es\/fr\/histoires-reussite\/automatisation-de-la-desinfection-des-tours-de-refroidissement\/\">Automatisation de la d\u00e9sinfection des tours de refroidissement<\/a><\/h2>\n            <\/div>\n    \n            <div class=\"card-exceprt\">\n                <p>Situation initiale Quels sont les d\u00e9fis que le client nous a pr\u00e9sent\u00e9s ? Le client est une boulangerie de premier plan qui nous a pr\u00e9sent\u00e9 un d\u00e9fi technique et op\u00e9rationnel clair : d\u00e9velopper et installer une solution automatis\u00e9e pour le nettoyage et l&rsquo;assainissement de sa tour de refroidissement en spirale, correspondant \u00e0 l&rsquo;une des lignes [&hellip;]<\/p>\n            <\/div>\n    \n            <div class=\"card-icon\">\n                <img loading=\"lazy\" decoding=\"async\" src=\"https:\/\/giconmes.es\/wp-content\/themes\/giconmes\/assets\/icons\/arrow-card.svg\" width=\"56\" height=\"40\" alt=\"Flecha\" title=\"Generadores de vapor industrial Giconmes\">\n            <\/div>\t\n            \n        <\/div>\n    \n<\/div>\n\n\n\n<div class=\"wp-block-column is-layout-flow wp-block-column-is-layout-flow\">        <div class=\"card-block\">\n            \n            <div class=\"card-img\">\n                <img loading=\"lazy\" decoding=\"async\" width=\"1462\" height=\"1088\" src=\"https:\/\/giconmes.es\/wp-content\/uploads\/2025\/06\/sistema-vapor-extraccion-hidroxido-amonio.webp\" class=\"attachment-post-thumbnail size-post-thumbnail wp-post-image\" alt=\"Sistema de vapor para extracci\u00f3n de hidr\u00f3xido de amonio\" srcset=\"https:\/\/giconmes.es\/wp-content\/uploads\/2025\/06\/sistema-vapor-extraccion-hidroxido-amonio.webp 1462w, https:\/\/giconmes.es\/wp-content\/uploads\/2025\/06\/sistema-vapor-extraccion-hidroxido-amonio-300x223.webp 300w, https:\/\/giconmes.es\/wp-content\/uploads\/2025\/06\/sistema-vapor-extraccion-hidroxido-amonio-1024x762.webp 1024w, https:\/\/giconmes.es\/wp-content\/uploads\/2025\/06\/sistema-vapor-extraccion-hidroxido-amonio-768x572.webp 768w\" sizes=\"auto, (max-width: 1462px) 100vw, 1462px\" title=\"Generadores de vapor industrial Giconmes\">            <\/div>\n            \n            <div class=\"card-title\">\n                <h2 class=\"text-h4\"><a href=\"https:\/\/giconmes.es\/fr\/histoires-reussite\/systeme-a-vapeur-pour-lextraction-de-lhydroxyde-de-magnesium\/\">Syst\u00e8me \u00e0 vapeur pour l&#039;extraction de l&#039;hydroxyde de magn\u00e9sium<\/a><\/h2>\n            <\/div>\n    \n            <div class=\"card-exceprt\">\n                <p>Situation initiale Quels sont les d\u00e9fis que le client nous a pr\u00e9sent\u00e9s ? Le client est une entreprise impliqu\u00e9e dans la production de sel de mer qui \u00e9tait confront\u00e9e \u00e0 un d\u00e9fi li\u00e9 \u00e0 la durabilit\u00e9 et \u00e0 la valorisation des sous-produits. Son processus de production g\u00e9n\u00e8re une saumure concentr\u00e9e qui, jusqu&rsquo;\u00e0 pr\u00e9sent, \u00e9tait rejet\u00e9e [&hellip;]<\/p>\n            <\/div>\n    \n            <div class=\"card-icon\">\n                <img loading=\"lazy\" decoding=\"async\" src=\"https:\/\/giconmes.es\/wp-content\/themes\/giconmes\/assets\/icons\/arrow-card.svg\" width=\"56\" height=\"40\" alt=\"Flecha\" title=\"Generadores de vapor industrial Giconmes\">\n            <\/div>\t\n            \n        <\/div>\n    \n<\/div>\n<\/div>\n","protected":false},"excerpt":{"rendered":"<p>Situation initiale Quels sont les d\u00e9fis que le client nous a pr\u00e9sent\u00e9s ? Le client est une entreprise textile, fournisseur direct du plus grand groupe de mode au monde, qui nous a pr\u00e9sent\u00e9 un d\u00e9fi technique et op\u00e9rationnel : concevoir et r\u00e9aliser l&rsquo;installation \u00e0 vapeur d&rsquo; un nouveau centre de finition de v\u00eatements et de [&hellip;]<\/p>\n","protected":false},"featured_media":16812,"menu_order":0,"template":"","class_list":["post-16839","stories","type-stories","status-publish","has-post-thumbnail","hentry"],"acf":[],"_links":{"self":[{"href":"https:\/\/giconmes.es\/fr\/wp-json\/wp\/v2\/stories\/16839","targetHints":{"allow":["GET"]}}],"collection":[{"href":"https:\/\/giconmes.es\/fr\/wp-json\/wp\/v2\/stories"}],"about":[{"href":"https:\/\/giconmes.es\/fr\/wp-json\/wp\/v2\/types\/stories"}],"wp:featuredmedia":[{"embeddable":true,"href":"https:\/\/giconmes.es\/fr\/wp-json\/wp\/v2\/media\/16812"}],"wp:attachment":[{"href":"https:\/\/giconmes.es\/fr\/wp-json\/wp\/v2\/media?parent=16839"}],"curies":[{"name":"wp","href":"https:\/\/api.w.org\/{rel}","templated":true}]}}