{"id":19332,"date":"2026-03-05T11:00:00","date_gmt":"2026-03-05T10:00:00","guid":{"rendered":"https:\/\/giconmes.es\/pourquoi-de-nombreuses-pieces-natteignent-pas-la-temperature-prevue-erreurs-courantes-dans-le-dimensionnement-thermique-industriel\/"},"modified":"2026-03-12T06:30:40","modified_gmt":"2026-03-12T05:30:40","slug":"pourquoi-de-nombreuses-pieces-natteignent-pas-la-temperature-prevue-erreurs-courantes-dans-le-dimensionnement-thermique-industriel","status":"publish","type":"post","link":"https:\/\/giconmes.es\/fr\/pourquoi-de-nombreuses-pieces-natteignent-pas-la-temperature-prevue-erreurs-courantes-dans-le-dimensionnement-thermique-industriel\/","title":{"rendered":"Pourquoi de nombreuses pi\u00e8ces n&rsquo;atteignent pas la temp\u00e9rature pr\u00e9vue : erreurs courantes dans le dimensionnement thermique industriel"},"content":{"rendered":"\n<p>Dans les projets de <strong>chauffage industriel<\/strong> de <strong>salles, de chambres ou d&rsquo;enceintes techniques<\/strong>, l&rsquo;un des <strong>probl\u00e8mes les plus fr\u00e9quents<\/strong> est que l <strong>&lsquo;installation n&rsquo;atteint pas la temp\u00e9rature cible dans les d\u00e9lais pr\u00e9vus<\/strong>.<\/p>\n\n<p>La r\u00e9action habituelle est g\u00e9n\u00e9ralement imm\u00e9diate :<em>\u00ab\u00a0Le pouvoir manque<\/em>\u00ab\u00a0.<\/p>\n\n<p>Cependant, dans la plupart des cas, <strong>le probl\u00e8me ne r\u00e9side pas seulement dans la capacit\u00e9 install\u00e9e<\/strong>, mais aussi dans un <strong>dimensionnement thermique incomplet ou incorrect.<\/strong><\/p>\n\n<p>La <strong>conception thermique industrielle<\/strong> ne consiste pas seulement \u00e0 calculer des kW. Il s&rsquo;agit de <strong>comprendre comment la chaleur se comporte \u00e0 l&rsquo;int\u00e9rieur de l&rsquo;enceinte<\/strong>. <\/p>\n\n<h2 class=\"wp-block-heading\">Qu&rsquo;est-ce que le dimensionnement thermique industriel ?<\/h2>\n<div class=\"wp-block-image\">\n<figure class=\"aligncenter size-large\"><img loading=\"lazy\" decoding=\"async\" width=\"1024\" height=\"683\" src=\"https:\/\/giconmes.es\/wp-content\/uploads\/2026\/03\/dimensionamiento-termico-industrial-que-es-1024x683.webp\" alt=\"Qu&#039;est-ce que le dimensionnement thermique industriel ?\" class=\"wp-image-19282\" title=\"Generadores de vapor industrial Giconmes\" srcset=\"https:\/\/giconmes.es\/wp-content\/uploads\/2026\/03\/dimensionamiento-termico-industrial-que-es-1024x683.webp 1024w, https:\/\/giconmes.es\/wp-content\/uploads\/2026\/03\/dimensionamiento-termico-industrial-que-es-300x200.webp 300w, https:\/\/giconmes.es\/wp-content\/uploads\/2026\/03\/dimensionamiento-termico-industrial-que-es-768x512.webp 768w, https:\/\/giconmes.es\/wp-content\/uploads\/2026\/03\/dimensionamiento-termico-industrial-que-es.webp 1536w\" sizes=\"auto, (max-width: 1024px) 100vw, 1024px\" \/><\/figure><\/div>\n<p>Le <strong>dimensionnement thermique industriel<\/strong> est le processus de <strong>calcul et de conception n\u00e9cessaire pour d\u00e9terminer la puissance requise<\/strong> des syst\u00e8mes thermiques industriels :<\/p>\n\n<ul class=\"wp-block-list\">\n<li>Chauffage de locaux industriels.<\/li>\n\n\n\n<li>Chambres de d\u00e9sinfection ou de s\u00e9chage.<\/li>\n\n\n\n<li>Proc\u00e9d\u00e9s thermiques \u00e0 la vapeur.<\/li>\n\n\n\n<li>Enceintes de traitement thermique.<\/li>\n<\/ul>\n\n<p>Ce calcul doit prendre en compte<\/p>\n\n<ul class=\"wp-block-list\">\n<li>Volume r\u00e9el de l&rsquo;enceinte.<\/li>\n\n\n\n<li>Masse thermique du produit.<\/li>\n\n\n\n<li>Pertes thermiques structurelles.<\/li>\n\n\n\n<li>Temps d&rsquo;\u00e9chauffement vis\u00e9.<\/li>\n\n\n\n<li>Distribution de la chaleur et circulation de l&rsquo;air.<\/li>\n<\/ul>\n\n<p>Si l&rsquo;un de ces facteurs <strong>est mal estim\u00e9<\/strong>, le syst\u00e8me peut \u00eatre clairement <strong>sous-dimensionn\u00e9<\/strong>.<\/p>\n\n<h2 class=\"wp-block-heading\">Erreur commune 1 &#8211; Sous-estimer le volume r\u00e9el de l&rsquo;enceinte<\/h2>\n\n<p>L&rsquo;une des erreurs les plus courantes dans le calcul de la puissance thermique industrielle est de travailler avec un <strong>volume th\u00e9orique qui ne co\u00efncide pas avec le volume construit<\/strong>.<\/p>\n\n<p>Une augmentation de 40 \u00e0 50 % du volume implique :<\/p>\n\n<ul class=\"wp-block-list\">\n<li>Plus grande masse d&rsquo;air \u00e0 chauffer.<\/li>\n\n\n\n<li>Plus de surface d&rsquo;\u00e9change de chaleur.<\/li>\n\n\n\n<li>Augmentation des pertes de transmission.<\/li>\n\n\n\n<li>Inertie thermique plus \u00e9lev\u00e9e.<\/li>\n<\/ul>\n\n<p>Il en r\u00e9sulte que <strong>la puissance initialement calcul\u00e9e n&rsquo;est plus suffisante<\/strong>.<\/p>\n\n<h2 class=\"wp-block-heading\">Erreur courante 2 &#8211; Ne pas tenir compte de la masse thermique r\u00e9elle du processus<\/h2>\n\n<p>Le calcul de base de l&rsquo;\u00e9nergie est bas\u00e9 sur la formule suivante :<\/p>\n\n<p><strong>Q=m\u22c5c\u22c5\u0394T<\/strong><\/p>\n\n<p>O\u00f9 ?<\/p>\n\n<ul class=\"wp-block-list\">\n<li>m = masse r\u00e9elle.<\/li>\n\n\n\n<li>c = chaleur sp\u00e9cifique.<\/li>\n\n\n\n<li>\u0394T = augmentation de la temp\u00e9rature.<\/li>\n<\/ul>\n\n<p>Le probl\u00e8me habituel ne r\u00e9side pas dans la formule, mais dans la <strong>masse r\u00e9elle consid\u00e9r\u00e9e<\/strong>.<\/p>\n\n<p>Ce n&rsquo;est pas la m\u00eame chose :<\/p>\n\n<ul class=\"wp-block-list\">\n<li>Produit ventil\u00e9 ou compact.<\/li>\n\n\n\n<li>Mat\u00e9riau sec ou mat\u00e9riau humide.<\/li>\n\n\n\n<li>Des centaines de kilos contre des tonnes r\u00e9elles par cycle.<\/li>\n<\/ul>\n\n<p>Si la <strong>masse thermique<\/strong> est <strong>sup\u00e9rieure \u00e0 la masse<\/strong> <strong>thermique<\/strong> <strong>estim\u00e9e<\/strong>, la <strong>puissance requise<\/strong> peut \u00eatre <strong>doubl\u00e9e ou tripl\u00e9e<\/strong>.<\/p>\n\n<h2 class=\"wp-block-heading\">Erreur courante 3 &#8211; Ignorer la stratification thermique dans les locaux industriels<\/h2>\n\n<p>La <strong>stratification thermique <\/strong>dans les enceintes industrielles est l&rsquo;un des ph\u00e9nom\u00e8nes les plus n\u00e9glig\u00e9s dans la conception thermique.<\/p>\n\n<p>L&rsquo;air chaud monte et l&rsquo;air froid reste en bas. <strong>S&rsquo;il n&rsquo;y a pas de recirculation ou de r\u00e9orientation correcte du flux d&rsquo;air<\/strong>, des <strong>couches thermiques<\/strong> sont g\u00e9n\u00e9r\u00e9es.<\/p>\n\n<p>Cons\u00e9quences :<\/p>\n\n<ul class=\"wp-block-list\">\n<li>Les capteurs de hauteur indiquent une temp\u00e9rature correcte.<\/li>\n\n\n\n<li>Le produit n&rsquo;atteint pas la temp\u00e9rature dans les zones basses.<\/li>\n\n\n\n<li>Le syst\u00e8me fonctionne plus longtemps.<\/li>\n\n\n\n<li>Augmente la consommation d&rsquo;\u00e9nergie.<\/li>\n<\/ul>\n\n<p>Une mauvaise conception de l&rsquo;alimentation et du retour peut compl\u00e8tement compromettre l&rsquo;efficacit\u00e9 du syst\u00e8me.<\/p>\n\n<h2 class=\"wp-block-heading\">Erreur commune 4 &#8211; Ne pas \u00e9vacuer correctement l&rsquo;air froid dans les syst\u00e8mes \u00e0 vapeur<\/h2>\n\n<p>Dans les syst\u00e8mes industriels de chauffage \u00e0 la vapeur, l&rsquo;<strong>\u00e9vacuation initiale de l&rsquo;air froid <\/strong>est <strong>essentielle<\/strong>.<\/p>\n\n<p>S&rsquo;il n&rsquo;existe pas :<\/p>\n\n<ul class=\"wp-block-list\">\n<li>Soupape de purge appropri\u00e9e.<\/li>\n\n\n\n<li>Syst\u00e8me d&rsquo;\u00e9vacuation aux points hauts.<\/li>\n\n\n\n<li>Conception correcte du d\u00e9marrage.<\/li>\n<\/ul>\n\n<p>L&rsquo;air agit comme une <strong>barri\u00e8re thermique<\/strong> et <strong>emp\u00eache un transfert efficace de la chaleur.<\/strong><\/p>\n\n<p>Ce d\u00e9tail permet de doubler le temps de chauffage sans que le probl\u00e8me ne soit la puissance install\u00e9e.<\/p>\n\n<h2 class=\"wp-block-heading\">Erreur commune 5 &#8211; Ne pas calculer correctement les pertes thermiques de l&rsquo;enceinte.<\/h2>\n\n<p>Les <strong>pertes thermiques<\/strong> dans les locaux industriels sont souvent sous-estim\u00e9es.<\/p>\n\n<p>Les principaux points critiques sont les suivants :<\/p>\n\n<ul class=\"wp-block-list\">\n<li>Planchers sans isolation thermique.<\/li>\n\n\n\n<li>Parois m\u00e9talliques sans panneau sandwich adapt\u00e9.<\/li>\n\n\n\n<li>Les portes ne sont pas \u00e9tanches.<\/li>\n\n\n\n<li>Renouvellements d&rsquo;air incontr\u00f4l\u00e9s.<\/li>\n<\/ul>\n\n<p>Le <strong>sol<\/strong>, en particulier, agit comme un <strong>puits de chaleur<\/strong> continu s&rsquo;il n&rsquo;est pas isol\u00e9.<\/p>\n\n<p>Dans de nombreux projets, les <strong>pertes<\/strong> peuvent repr\u00e9senter <strong>20 \u00e0 40 % de la puissance totale requise.<\/strong><\/p>\n\n<h2 class=\"wp-block-heading\">Erreur commune 6 &#8211; Fixer un temps cible sans adapter la puissance requise<\/h2>\n\n<p>Une sp\u00e9cification courante est la<em>suivante : \u00ab\u00a0La pi\u00e8ce doit atteindre 70 \u00b0C en deux heures<\/em>\u00ab\u00a0.<\/p>\n\n<p>La r\u00e9duction du temps de chauffage n&rsquo;implique pas une augmentation lin\u00e9aire de la puissance. Dans de nombreux cas, la <strong>r\u00e9duction de moiti\u00e9 du temps<\/strong> n\u00e9cessite une <strong>augmentation significative de la puissance install\u00e9e<\/strong>. <\/p>\n\n<p>Le <strong>temps<\/strong> est une variable de conception critique, et non un param\u00e8tre de guidage.<\/p>\n\n<h2 class=\"wp-block-heading\">Comment calculer correctement la puissance d&rsquo;un chauffage industriel ?<\/h2>\n<div class=\"wp-block-image\">\n<figure class=\"aligncenter size-large\"><img loading=\"lazy\" decoding=\"async\" width=\"1024\" height=\"683\" src=\"https:\/\/giconmes.es\/wp-content\/uploads\/2026\/03\/calcular-potencia-calefaccion-industrial-1024x683.webp\" alt=\"Calculer la puissance du chauffage industriel\" class=\"wp-image-19286\" title=\"Generadores de vapor industrial Giconmes\" srcset=\"https:\/\/giconmes.es\/wp-content\/uploads\/2026\/03\/calcular-potencia-calefaccion-industrial-1024x683.webp 1024w, https:\/\/giconmes.es\/wp-content\/uploads\/2026\/03\/calcular-potencia-calefaccion-industrial-300x200.webp 300w, https:\/\/giconmes.es\/wp-content\/uploads\/2026\/03\/calcular-potencia-calefaccion-industrial-768x512.webp 768w, https:\/\/giconmes.es\/wp-content\/uploads\/2026\/03\/calcular-potencia-calefaccion-industrial.webp 1536w\" sizes=\"auto, (max-width: 1024px) 100vw, 1024px\" \/><\/figure><\/div>\n<p>Une <strong>conception thermique industrielle rigoureuse<\/strong> doit comprendre<\/p>\n\n<ul class=\"wp-block-list\">\n<li><strong>Confirmation du volume r\u00e9el construit<\/strong>.<\/li>\n<\/ul>\n\n<ul class=\"wp-block-list\">\n<li><strong>Confirmation de la masse thermique par cycle.<\/strong><\/li>\n<\/ul>\n\n<ul class=\"wp-block-list\">\n<li><strong>Calcul des pertes de transmission<\/strong>.<\/li>\n<\/ul>\n\n<ul class=\"wp-block-list\">\n<li><strong>Analyse de la stratification et de la recirculation<\/strong>.<\/li>\n<\/ul>\n\n<ul class=\"wp-block-list\">\n<li><strong>Conception de l&rsquo;\u00e9limination de l&rsquo;air froid<\/strong>.<\/li>\n<\/ul>\n\n<ul class=\"wp-block-list\">\n<li><strong>D\u00e9finition claire de la dur\u00e9e de l&rsquo;objectif<\/strong>.<\/li>\n<\/ul>\n\n<p>Ce n&rsquo;est qu&rsquo;en analysant l&rsquo;ensemble de ces facteurs qu&rsquo;il est possible de d\u00e9terminer la puissance thermique r\u00e9elle requise.<\/p>\n\n<h2 class=\"wp-block-heading\">Conclusion &#8211; Le probl\u00e8me n&rsquo;est souvent pas la machine, mais la conception thermique.<\/h2>\n\n<p>Lorsqu&rsquo;un <strong>local industriel n&rsquo;atteint pas sa temp\u00e9rature<\/strong>, c&rsquo;est rarement la faute du <strong>g\u00e9n\u00e9rateur.<\/strong><\/p>\n\n<p>Le probl\u00e8me se situe g\u00e9n\u00e9ralement \u00e0 l&rsquo;int\u00e9rieur :<\/p>\n\n<ul class=\"wp-block-list\">\n<li>Un calcul incomplet.<\/li>\n\n\n\n<li>Les changements de processus ne sont pas couverts.<\/li>\n\n\n\n<li>Les pertes thermiques sont ignor\u00e9es.<\/li>\n\n\n\n<li>Mauvaise r\u00e9partition de la chaleur.<\/li>\n<\/ul>\n\n<p>Le <strong>dimensionnement thermique industriel<\/strong> correct ne consiste pas \u00e0 installer plus de puissance. Il s&rsquo;agit de concevoir le syst\u00e8me complet en tenant compte du <strong>comportement thermique r\u00e9el<\/strong>. <\/p>\n\n<p><a href=\"https:\/\/giconmes.es\/fr\/contact\/\">Contactez-nous et nous vous aiderons \u00e0 concevoir la solution optimale pour votre installation.<\/a><\/p>\n","protected":false},"excerpt":{"rendered":"<p>Dans les projets de chauffage industriel de salles, de chambres ou d&rsquo;enceintes techniques, l&rsquo;un des probl\u00e8mes les plus fr\u00e9quents est que l &lsquo;installation n&rsquo;atteint pas la temp\u00e9rature cible dans les d\u00e9lais pr\u00e9vus. La r\u00e9action habituelle est g\u00e9n\u00e9ralement imm\u00e9diate :\u00ab\u00a0Le pouvoir manque\u00ab\u00a0. Cependant, dans la plupart des cas, le probl\u00e8me ne r\u00e9side pas seulement dans la [&hellip;]<\/p>\n","protected":false},"author":10,"featured_media":19279,"comment_status":"closed","ping_status":"closed","sticky":false,"template":"","format":"standard","meta":{"_acf_changed":false,"footnotes":""},"categories":[61],"tags":[],"class_list":["post-19332","post","type-post","status-publish","format-standard","has-post-thumbnail","hentry","category-chaudieres-et-generateurs-de-vapeur"],"acf":[],"_links":{"self":[{"href":"https:\/\/giconmes.es\/fr\/wp-json\/wp\/v2\/posts\/19332","targetHints":{"allow":["GET"]}}],"collection":[{"href":"https:\/\/giconmes.es\/fr\/wp-json\/wp\/v2\/posts"}],"about":[{"href":"https:\/\/giconmes.es\/fr\/wp-json\/wp\/v2\/types\/post"}],"author":[{"embeddable":true,"href":"https:\/\/giconmes.es\/fr\/wp-json\/wp\/v2\/users\/10"}],"replies":[{"embeddable":true,"href":"https:\/\/giconmes.es\/fr\/wp-json\/wp\/v2\/comments?post=19332"}],"version-history":[{"count":1,"href":"https:\/\/giconmes.es\/fr\/wp-json\/wp\/v2\/posts\/19332\/revisions"}],"predecessor-version":[{"id":19333,"href":"https:\/\/giconmes.es\/fr\/wp-json\/wp\/v2\/posts\/19332\/revisions\/19333"}],"wp:featuredmedia":[{"embeddable":true,"href":"https:\/\/giconmes.es\/fr\/wp-json\/wp\/v2\/media\/19279"}],"wp:attachment":[{"href":"https:\/\/giconmes.es\/fr\/wp-json\/wp\/v2\/media?parent=19332"}],"wp:term":[{"taxonomy":"category","embeddable":true,"href":"https:\/\/giconmes.es\/fr\/wp-json\/wp\/v2\/categories?post=19332"},{"taxonomy":"post_tag","embeddable":true,"href":"https:\/\/giconmes.es\/fr\/wp-json\/wp\/v2\/tags?post=19332"}],"curies":[{"name":"wp","href":"https:\/\/api.w.org\/{rel}","templated":true}]}}