{"id":10167,"date":"2024-02-13T17:06:54","date_gmt":"2024-02-13T17:06:54","guid":{"rendered":"https:\/\/giconmes.es\/decarbonisation-industrielle-800-millions-deuros-de-subventions-pour-la-durabilite-industrielle\/"},"modified":"2024-09-17T10:24:31","modified_gmt":"2024-09-17T10:24:31","slug":"decarbonisation-industrielle-800-millions-deuros-de-subventions-pour-la-durabilite-industrielle","status":"publish","type":"post","link":"https:\/\/giconmes.es\/fr\/decarbonisation-industrielle-800-millions-deuros-de-subventions-pour-la-durabilite-industrielle\/","title":{"rendered":"D\u00e9carbonisation industrielle : 800 millions d&rsquo;euros de subventions pour la durabilit\u00e9 industrielle"},"content":{"rendered":"\n<figure class=\"wp-block-image size-large is-resized\"><img loading=\"lazy\" decoding=\"async\" width=\"1024\" height=\"854\" src=\"https:\/\/giconmes.es\/wp-content\/uploads\/2024\/02\/Descarbonizacion-1024x854.png\" alt=\". Generadores de vapor industrial Giconmes\" class=\"wp-image-6182\" style=\"width:1216px;height:auto\" title=\"Generadores de vapor industrial Giconmes\" srcset=\"https:\/\/giconmes.es\/wp-content\/uploads\/2024\/02\/Descarbonizacion-1024x854.png 1024w, https:\/\/giconmes.es\/wp-content\/uploads\/2024\/02\/Descarbonizacion-300x250.png 300w, https:\/\/giconmes.es\/wp-content\/uploads\/2024\/02\/Descarbonizacion-768x641.png 768w, https:\/\/giconmes.es\/wp-content\/uploads\/2024\/02\/Descarbonizacion.png 1139w\" sizes=\"auto, (max-width: 1024px) 100vw, 1024px\" \/><\/figure>\n\n<p>Le gouvernement espagnol a lanc\u00e9 le Programme strat\u00e9gique pour la relance \u00e9conomique et la transformation<strong>(PERTE) pour la d\u00e9carbonisation industrielle<\/strong>, dans le cadre de son plan de relance, de transformation et de r\u00e9silience.\nL&rsquo;objectif principal de ce programme est de faciliter la transition vers un mod\u00e8le industriel plus durable et plus efficace, conform\u00e9ment aux engagements environnementaux du pays. <\/p>\n\n<p>Ses principaux objectifs sont la d\u00e9carbonisation industrielle et l&rsquo;efficacit\u00e9 \u00e9nerg\u00e9tique par le biais d&rsquo;<strong>aides et de subventions en faveur de la durabilit\u00e9 dans l&rsquo;industrie<\/strong>.\nPlus pr\u00e9cis\u00e9ment, le <strong>plan europ\u00e9en pour la d\u00e9carbonisation industrielle pr\u00e9voit<\/strong> 800 millions d&rsquo;euros de subventions pour la d\u00e9carbonisation jusqu&rsquo;en 2026. <\/p>\n\n<p class=\"has-large-font-size\"><strong>Comment Giconmes contribue-t-elle \u00e0 la durabilit\u00e9 industrielle ?<\/strong><\/p>\n\n<p>En ce sens, Giconmes est un alli\u00e9 de la <strong>d\u00e9carbonisation industrielle<\/strong>.\nNous fabriquons des chaudi\u00e8res \u00e9lectriques \u00e0 vapeur con\u00e7ues pour <strong>\u00e9lectrifier les processus de<\/strong> chauffage <strong>industriel<\/strong> qui, jusqu&rsquo;\u00e0 pr\u00e9sent, \u00e9taient r\u00e9alis\u00e9s avec des chaudi\u00e8res \u00e0 gaz naturel.\nVous trouverez plus d&rsquo;informations ci-dessous :    <\/p>\n\n<ul>\n<li><a href=\"https:\/\/giconmes.es\/fr\/?post_type=productos&amp;p=9653\"><\/a><a href=\"https:\/\/giconmes.es\/fr\/?post_type=productos&amp;p=9653\">Chaudi\u00e8res \u00e9lectriques \u00e0 vapeur jusqu&rsquo;\u00e0 180 kW<\/a><\/li>\n\n\n\n<li><a href=\"https:\/\/giconmes.es\/fr\/?post_type=productos&amp;p=9728\"><\/a><a href=\"https:\/\/giconmes.es\/fr\/?post_type=productos&amp;p=9728\">Syst\u00e8mes conteneuris\u00e9s jusqu&rsquo;\u00e0 2MW<\/a><\/li>\n\n\n\n<li><a href=\"https:\/\/giconmes.es\/fr\/?post_type=productos&amp;p=9759\"><\/a><a href=\"https:\/\/giconmes.es\/fr\/?post_type=productos&amp;p=9759\">Chaudi\u00e8res Power to Heat \u00e0 haute tension<\/a><\/li>\n\n\n\n<li><a href=\"https:\/\/giconmes.es\/wp-content\/uploads\/2023\/03\/Giconmes_Calderas-Electricas-HGV.pdf\"><\/a><a href=\"https:\/\/giconmes.es\/wp-content\/uploads\/2023\/03\/Giconmes_Calderas-Electricas-HGV.pdf\">Chaudi\u00e8res \u00e9lectriques de la gamme HGV jusqu&rsquo;\u00e0 5,5 MW<\/a><\/li>\n<\/ul>\n\n<p class=\"has-large-font-size\"><strong>Objectifs<\/strong> <strong>de la d\u00e9carbonisation industrielle PERTE<\/strong><\/p>\n\n<ol>\n<li><strong><br\/>D\u00e9carbonisation des processus de production<\/strong>Le secteur manufacturier sera confront\u00e9 \u00e0 des restrictions l\u00e9gales croissantes en mati\u00e8re d&rsquo;\u00e9missions de gaz \u00e0 effet de serre ou de polluants atmosph\u00e9riques, ainsi qu&rsquo;\u00e0 une augmentation pr\u00e9visible du prix des quotas d&rsquo;\u00e9mission pour tous les secteurs participant au syst\u00e8me d&rsquo;\u00e9change de quotas d&rsquo;\u00e9mission (ETS).\n<strong><br\/>L&rsquo;objectif principal de PERTE Decarbonisation est la r\u00e9duction de ces \u00e9missions, permettant la viabilit\u00e9 des industries \u00e0 moyen et long terme, l&rsquo;am\u00e9lioration de la qualit\u00e9 de l&rsquo;air et de la sant\u00e9 des personnes.<\/strong> <\/li>\n\n\n\n<li><strong><br\/>Am\u00e9liorer l&rsquo;efficacit\u00e9 \u00e9nerg\u00e9tique et la durabilit\u00e9 industrielle<\/strong>L&rsquo;industrie est un secteur \u00e0 forte intensit\u00e9 \u00e9nerg\u00e9tique, et les actions visant \u00e0 am\u00e9liorer l&rsquo;efficacit\u00e9 \u00e9nerg\u00e9tique sont essentielles pour contribuer \u00e0 la d\u00e9carbonisation et \u00e0 la viabilit\u00e9 du secteur manufacturier en int\u00e9grant les meilleures technologies disponibles et en mettant en \u0153uvre des syst\u00e8mes de gestion de l&rsquo;\u00e9nergie.<strong><\/strong><\/li>\n\n\n\n<li><strong><br\/>Am\u00e9liorer la comp\u00e9titivit\u00e9 du secteur manufacturier<\/strong>Il est essentiel de maintenir la contribution du secteur manufacturier \u00e0 l&rsquo;\u00e9conomie espagnole \u00e0 long terme.\n<strong><br\/>L<br\/>&lsquo;industrie manufacturi\u00e8re devra relever le d\u00e9fi majeur de la r\u00e9duction des \u00e9missions et, pour rester comp\u00e9titive, il sera essentiel de soutenir les investissements dans la d\u00e9carbonisation, ce qui contribuera \u00e9galement \u00e0 am\u00e9liorer la qualit\u00e9 de l&rsquo;air.\nIl sera \u00e9galement n\u00e9cessaire d&rsquo;aider les entreprises manufacturi\u00e8res \u00e0 d\u00e9velopper la technologie n\u00e9cessaire pour r\u00e9aliser cette d\u00e9carbonisation, par le biais de la RDI.<\/strong>  <\/li>\n\n\n\n<li><strong><br\/>Promouvoir la s\u00e9curit\u00e9 \u00e9nerg\u00e9tique de l&rsquo;Espagne<\/strong>L&rsquo;un des principaux leviers de la d\u00e9carbonisation, ce PERTE contribuera de mani\u00e8re substantielle \u00e0 r\u00e9duire la consommation de gaz naturel par l&rsquo;industrie.\n<br\/><br\/>L&rsquo;industrie manufacturi\u00e8re est responsable de 30 % de la consommation de gaz naturel en Espagne (59 % si l&rsquo;on exclut la production d&rsquo;\u00e9lectricit\u00e9), de sorte que la r\u00e9duction de cette consommation sera fondamentale pour garantir la s\u00e9curit\u00e9 \u00e9nerg\u00e9tique de l&rsquo;Espagne, qui s&rsquo;est av\u00e9r\u00e9e critique dans le contexte actuel. <\/li>\n\n\n\n<li><strong><br\/>Promouvoir l&rsquo;utilisation des \u00e9nergies renouvelables<\/strong>Il est n\u00e9cessaire d&rsquo;augmenter la part des \u00e9nergies renouvelables dans les processus industriels.\nCela permettra de r\u00e9duire les \u00e9missions tout en contribuant \u00e0 r\u00e9duire la d\u00e9pendance aux combustibles fossiles.<strong><\/strong> <\/li>\n\n\n\n<li><strong><br\/>Promouvoir la protection de l&rsquo;environnement<\/strong>Le PERTE D\u00e9carbonisation industrielle vise \u00e9galement \u00e0 faciliter une approche holistique du cycle de vie des produits.\n<strong><br\/><br\/>Par cons\u00e9quent, ce PERTE soutient l&rsquo;utilisation des sous-produits et la valorisation des d\u00e9chets afin de les int\u00e9grer dans d&rsquo;autres processus et de r\u00e9duire ainsi l&rsquo;impact environnemental des produits tout au long de leur cycle de vie.\nEn outre, les actions financ\u00e9es auront un impact positif sur d&rsquo;autres probl\u00e8mes environnementaux, en particulier la pollution industrielle, et contribueront positivement \u00e0 l&rsquo;\u00e9conomie circulaire.<\/strong>  <\/li>\n\n\n\n<li><strong><br\/>Cr\u00e9ation d&#8217;emplois \u00e0 haute valeur ajout\u00e9e<\/strong>Ce PERTE vise \u00e0 servir de levier pour la formation et la qualification des travailleurs du secteur industriel.\n<strong><br\/><br\/>Ainsi, la d\u00e9carbonisation de l&rsquo;industrie s&rsquo;accompagnera d&rsquo;une formation accrue des professionnels qui devront d\u00e9velopper les comp\u00e9tences pour pouvoir mettre en \u0153uvre les technologies les moins polluantes.<\/strong> <\/li>\n<\/ol>\n\n<figure class=\"wp-block-image size-full\"><img loading=\"lazy\" decoding=\"async\" width=\"975\" height=\"502\" src=\"https:\/\/giconmes.es\/wp-content\/uploads\/2024\/02\/eeeee.png\" alt=\". Generadores de vapor industrial Giconmes\" class=\"wp-image-6184\" title=\"Generadores de vapor industrial Giconmes\" srcset=\"https:\/\/giconmes.es\/wp-content\/uploads\/2024\/02\/eeeee.png 975w, https:\/\/giconmes.es\/wp-content\/uploads\/2024\/02\/eeeee-300x154.png 300w, https:\/\/giconmes.es\/wp-content\/uploads\/2024\/02\/eeeee-768x395.png 768w\" sizes=\"auto, (max-width: 975px) 100vw, 975px\" \/><\/figure>\n\n<p class=\"has-large-font-size\"><strong>\u00c0 qui s&rsquo;adresse le plan d&rsquo;\u00e9lectrification industrielle ?<\/strong><\/p>\n\n<p>Les b\u00e9n\u00e9ficiaires de cette <strong>aide \u00e0 la durabilit\u00e9<\/strong> sont les secteurs de l&rsquo;industrie manufacturi\u00e8re, notamment la <strong>fabrication de produits min\u00e9raux non m\u00e9talliques (y compris la c\u00e9ramique, le ciment, le verre, etc.), l&rsquo;industrie chimique, le raffinage du p\u00e9trole, la m\u00e9tallurgie et la fabrication de p\u00e2te \u00e0 papier et de papier.<\/strong> ), l&rsquo;<strong>industrie<\/strong> chimique, le raffinage du p\u00e9trole, la m\u00e9tallurgie et la fabrication de p\u00e2te \u00e0 papier et de papier <strong>.<\/strong> En outre, il existe de grandes installations de combustion dans d&rsquo;autres secteurs, <strong>notamment dans l&rsquo;industrie alimentaire et des boissons.<\/strong> Les actions pr\u00e9vues seront mises en \u0153uvre entre 2023 et 2026, bien que les projets puissent \u00eatre achev\u00e9s \u00e0 une date ult\u00e9rieure.<\/p>\n\n<p class=\"has-large-font-size\"><strong>Champ d&rsquo;action du PERTE industriel<\/strong><\/p>\n\n<p><br\/>L<strong>igne d&rsquo;aide \u00e0 l&rsquo;action int\u00e9gr\u00e9e pour la d\u00e9carbonisation<\/strong> <strong>de l&rsquo;industrie manufacturi\u00e8re<\/strong> Un soutien sera accord\u00e9 aux projets de tracteurs constitu\u00e9s de projets primaires des entreprises dont l&rsquo;objectif est la d\u00e9carbonisation de l&rsquo;industrie, c&rsquo;est-\u00e0-dire la r\u00e9duction des \u00e9missions de gaz \u00e0 effet de serre, mesur\u00e9es en tonnes d&rsquo;\u00e9quivalent CO2 (tCO2e).<\/p>\n\n<figure class=\"wp-block-image size-full is-resized\"><img loading=\"lazy\" decoding=\"async\" width=\"968\" height=\"887\" src=\"https:\/\/giconmes.es\/wp-content\/uploads\/2024\/02\/eeeeee.png\" alt=\". Generadores de vapor industrial Giconmes\" class=\"wp-image-6186\" style=\"width:754px;height:auto\" title=\"Generadores de vapor industrial Giconmes\" srcset=\"https:\/\/giconmes.es\/wp-content\/uploads\/2024\/02\/eeeeee.png 968w, https:\/\/giconmes.es\/wp-content\/uploads\/2024\/02\/eeeeee-300x275.png 300w, https:\/\/giconmes.es\/wp-content\/uploads\/2024\/02\/eeeeee-768x704.png 768w\" sizes=\"auto, (max-width: 968px) 100vw, 968px\" \/><\/figure>\n\n<p class=\"has-large-font-size\"><strong>Plus d&rsquo;informations<\/strong><\/p>\n\n<p><a href=\"https:\/\/planderecuperacion.gob.es\/sites\/default\/files\/2022-12\/PERTE_Descarbonizacion_resumen_ejecutivo_28122022.pdf\" target=\"_blank\" rel=\"noopener\"><g id=\"gid_0\">R\u00e9sum\u00e9 (PDF).<\/g> <\/a> <\/p>\n\n<p><a href=\"https:\/\/www.mincotur.gob.es\/es-es\/recuperacion-transformacion-resiliencia\/Documents\/Memoria_PERTE_Descarbonizacion.pdf\" target=\"_blank\" rel=\"noopener\"><g id=\"gid_0\">Rapport descriptif (PDF).<\/g> <\/a><\/p>\n","protected":false},"excerpt":{"rendered":"<p>Le gouvernement espagnol a lanc\u00e9 le Programme strat\u00e9gique pour la relance \u00e9conomique et la transformation(PERTE) pour la d\u00e9carbonisation industrielle, dans le cadre de son plan de relance, de transformation et de r\u00e9silience. L&rsquo;objectif principal de ce programme est de faciliter la transition vers un mod\u00e8le industriel plus durable et plus efficace, conform\u00e9ment aux engagements environnementaux [&hellip;]<\/p>\n","protected":false},"author":4,"featured_media":10168,"comment_status":"open","ping_status":"closed","sticky":false,"template":"","format":"standard","meta":{"_acf_changed":false,"footnotes":""},"categories":[54],"tags":[],"class_list":["post-10167","post","type-post","status-publish","format-standard","has-post-thumbnail","hentry","category-non-classifiee"],"acf":[],"_links":{"self":[{"href":"https:\/\/giconmes.es\/fr\/wp-json\/wp\/v2\/posts\/10167","targetHints":{"allow":["GET"]}}],"collection":[{"href":"https:\/\/giconmes.es\/fr\/wp-json\/wp\/v2\/posts"}],"about":[{"href":"https:\/\/giconmes.es\/fr\/wp-json\/wp\/v2\/types\/post"}],"author":[{"embeddable":true,"href":"https:\/\/giconmes.es\/fr\/wp-json\/wp\/v2\/users\/4"}],"replies":[{"embeddable":true,"href":"https:\/\/giconmes.es\/fr\/wp-json\/wp\/v2\/comments?post=10167"}],"version-history":[{"count":2,"href":"https:\/\/giconmes.es\/fr\/wp-json\/wp\/v2\/posts\/10167\/revisions"}],"predecessor-version":[{"id":10186,"href":"https:\/\/giconmes.es\/fr\/wp-json\/wp\/v2\/posts\/10167\/revisions\/10186"}],"wp:featuredmedia":[{"embeddable":true,"href":"https:\/\/giconmes.es\/fr\/wp-json\/wp\/v2\/media\/10168"}],"wp:attachment":[{"href":"https:\/\/giconmes.es\/fr\/wp-json\/wp\/v2\/media?parent=10167"}],"wp:term":[{"taxonomy":"category","embeddable":true,"href":"https:\/\/giconmes.es\/fr\/wp-json\/wp\/v2\/categories?post=10167"},{"taxonomy":"post_tag","embeddable":true,"href":"https:\/\/giconmes.es\/fr\/wp-json\/wp\/v2\/tags?post=10167"}],"curies":[{"name":"wp","href":"https:\/\/api.w.org\/{rel}","templated":true}]}}